{"id":34078,"date":"2020-02-15T06:55:12","date_gmt":"2020-02-15T11:55:12","guid":{"rendered":"http:\/\/www.revistazetta.com\/?p=34078"},"modified":"2020-03-29T18:52:36","modified_gmt":"2020-03-29T23:52:36","slug":"plaza-de-la-trinidad-continuara-cerrada","status":"publish","type":"post","link":"https:\/\/revistazetta.com\/?p=34078","title":{"rendered":"Plaza de la Trinidad continuar\u00e1 cerrada"},"content":{"rendered":"<p>El Distrito de Cartagena, las autoridades y la comunidad en general iniciaron una serie de acciones que permitan en corto tiempo ver resultados en seguridad y convivencia en el barrio Getseman\u00ed, en el Centro Hist\u00f3rico.<\/p>\n<p>Para lograr este objetivo, la administraci\u00f3n del Alcalde William Dau Chamat adelanta una serie de acciones que lidera la Secretar\u00eda del Interior y Convivencia Ciudadana, en cabeza David David M\u00fanera Cavad\u00eda, y en las que participan Polic\u00eda Nacional, Armada Nacional, DATT, Migraci\u00f3n Colombia, Gesti\u00f3n de Riesgo y DADIS.<\/p>\n<p>Una de estas actividades fue un Consejo Comunitario de Seguridad en el que se escuch\u00f3 la problem\u00e1tica que tiene este barrio del Centro Hist\u00f3rico.<\/p>\n<p>Para los l\u00edderes y moradores de Getseman\u00ed, entre los hechos que m\u00e1s les afecta es la venta y consumo de estupefacientes, las ventas ambulantes y estacionarias.<\/p>\n<p>As\u00ed mismo, el mal parqueo de veh\u00edculos y el uso de equipos de sonido a altos vol\u00famenes.<\/p>\n<p>\u00abA esta reuni\u00f3n asistieron los habitantes de Getseman\u00ed, propietarios de bares y de comercio que plantearon situaciones que est\u00e1n sucediendo en el barrio en materia de migraci\u00f3n, prostituci\u00f3n, entre otros\u00bb, dijo David M\u00fanera Cavad\u00eda, secretario del Interior y Convivencia Ciudadana de Cartagena.<\/p>\n<p>Compromisos<\/p>\n<p>Despu\u00e9s de conocer los hechos que perturban la tranquilidad ciudadana, M\u00fanera se\u00f1al\u00f3 que se le plante\u00f3 a la comunidad la conformaci\u00f3n de una mesa de trabajo para elaborar un plan de acci\u00f3n que permita la normalizaci\u00f3n de Getseman\u00ed.<\/p>\n<p>\u00abHay que buscar dos aspectos muy importantes para el beneficio de todos. El primero es la convivencia, y segundo, que los negocios que funcionan en la zona puedan funcionar, pero estos no pueden estar por encima de la convivencia\u00bb, indic\u00f3 el Secretario del Interior y Convivencia Ciudadana.<\/p>\n<p>A juicio del funcionario, esta propuesta cuenta con un buen apoyo de las partes y este gobierno, una vez demuestra que entre todos podemos tener una esperanza para construir una ciudad que permita mejorar las condiciones de todos los ciudadanos.<\/p>\n<p>\u00abVamos a seguir dialogando, este es un gobierno de la gente y vamos a seguir llegando a ella para ir resolviendo los problemas que aqueja a esta y todas las comunidades de la Heroica\u00bb, expres\u00f3.<\/p>\n<p>Destac\u00f3 tambi\u00e9n el cierre preventivo de la Plaza de la Trinidad, sitio de gran inter\u00e9s que estaba siendo mal utilizado, lo que afectaba notablemente al barrio.<\/p>\n<p>Quejas contra la Polic\u00eda<br \/>\nM\u00fanera Cavad\u00eda tambi\u00e9n le pidi\u00f3 a la Polic\u00eda Metropolitana hacer una revisi\u00f3n del personal uniformado que integra el cuadrante de Getseman\u00ed, debido a que se han aumentado las quejas contra los polic\u00edas por posibles actos de corrupci\u00f3n.<\/p>\n<p>\u00abEsta es una de las luchas directas que tiene el gobierno del Alcalde Dau Chamat y no aceptamos este tipo de situaciones que afectan a toda la ciudad\u00bb, puntualiz\u00f3.<\/p>\n","protected":false},"excerpt":{"rendered":"<p>El Distrito de Cartagena, las autoridades y la comunidad en general iniciaron una serie de acciones que permitan en corto tiempo ver resultados en seguridad y convivencia en el barrio Getseman\u00ed, en el Centro Hist\u00f3rico. Para lograr este objetivo, la administraci\u00f3n del Alcalde William Dau Chamat adelanta una serie de acciones que lidera la Secretar\u00eda del Interior y Convivencia Ciudadana, en cabeza David David M\u00fanera Cavad\u00eda, y en las que participan Polic\u00eda Nacional, Armada Nacional, DATT, Migraci\u00f3n Colombia, Gesti\u00f3n de Riesgo y DADIS. Una de estas actividades fue un Consejo&#8230; <\/p>\n","protected":false},"author":3,"featured_media":34079,"comment_status":"closed","ping_status":"closed","sticky":false,"template":"","format":"standard","meta":{"footnotes":"","_links_to":"","_links_to_target":""},"categories":[75,32,88],"tags":[],"class_list":["post-34078","post","type-post","status-publish","format-standard","has-post-thumbnail","hentry","category-destacada","category-actualidad-distrito","category-seguridad"],"_links":{"self":[{"href":"https:\/\/revistazetta.com\/index.php?rest_route=\/wp\/v2\/posts\/34078","targetHints":{"allow":["GET"]}}],"collection":[{"href":"https:\/\/revistazetta.com\/index.php?rest_route=\/wp\/v2\/posts"}],"about":[{"href":"https:\/\/revistazetta.com\/index.php?rest_route=\/wp\/v2\/types\/post"}],"author":[{"embeddable":true,"href":"https:\/\/revistazetta.com\/index.php?rest_route=\/wp\/v2\/users\/3"}],"replies":[{"embeddable":true,"href":"https:\/\/revistazetta.com\/index.php?rest_route=%2Fwp%2Fv2%2Fcomments&post=34078"}],"version-history":[{"count":0,"href":"https:\/\/revistazetta.com\/index.php?rest_route=\/wp\/v2\/posts\/34078\/revisions"}],"wp:featuredmedia":[{"embeddable":true,"href":"https:\/\/revistazetta.com\/index.php?rest_route=\/wp\/v2\/media\/34079"}],"wp:attachment":[{"href":"https:\/\/revistazetta.com\/index.php?rest_route=%2Fwp%2Fv2%2Fmedia&parent=34078"}],"wp:term":[{"taxonomy":"category","embeddable":true,"href":"https:\/\/revistazetta.com\/index.php?rest_route=%2Fwp%2Fv2%2Fcategories&post=34078"},{"taxonomy":"post_tag","embeddable":true,"href":"https:\/\/revistazetta.com\/index.php?rest_route=%2Fwp%2Fv2%2Ftags&post=34078"}],"curies":[{"name":"wp","href":"https:\/\/api.w.org\/{rel}","templated":true}]}}