{"id":34127,"date":"2020-02-17T06:22:33","date_gmt":"2020-02-17T11:22:33","guid":{"rendered":"http:\/\/www.revistazetta.com\/?p=34127"},"modified":"2020-03-29T18:52:01","modified_gmt":"2020-03-29T23:52:01","slug":"sesion-conjunta-mensual-gabinete-concejo-propone-pion","status":"publish","type":"post","link":"https:\/\/revistazetta.com\/?p=34127","title":{"rendered":"Sesi\u00f3n conjunta mensual Gabinete-Concejo propone Pi\u00f3n"},"content":{"rendered":"<p>El concejal C\u00e9sar Pi\u00f3n le solicit\u00f3 a la Mesa Directiva y dem\u00e1s miembros del Concejo iniciar la estructuraci\u00f3n de un proyecto de acuerdo para realizar una sesi\u00f3n con todo el gabinete distrital una vez al mes.<\/p>\n<p>La proposici\u00f3n busca que se le pueda explicar directamente a los funcionarios los proyectos, iniciativas y sugerencias que se han hecho desde el Concejo sobre problemas y temas de ciudad y que se pueda trabajar m\u00e1s en conjunto con la administraci\u00f3n del Alcalde William Dau.<\/p>\n<p>\u201cLo que hemos visto en el \u00faltimo tiempo es que existe una especie de tel\u00e9fono roto cuyo principal perjudicado es Cartagena. Por ejemplo, ahora vemos que existe desde la administraci\u00f3n un plan para salvar a La Popa cuando desde el Concejo eso lo venimos tratando desde hace a\u00f1os y ha pasado casi desapercibido o no nos han escuchado. Lo que queremos es proponer ideas y sugerencias y que los miembros del gabinete se enteren de primera mano y den respuestas sobre algunos temas de ciudad\u201d, se\u00f1al\u00f3.<\/p>\n","protected":false},"excerpt":{"rendered":"<p>El concejal C\u00e9sar Pi\u00f3n le solicit\u00f3 a la Mesa Directiva y dem\u00e1s miembros del Concejo iniciar la estructuraci\u00f3n de un proyecto de acuerdo para realizar una sesi\u00f3n con todo el gabinete distrital una vez al mes. La proposici\u00f3n busca que se le pueda explicar directamente a los funcionarios los proyectos, iniciativas y sugerencias que se han hecho desde el Concejo sobre problemas y temas de ciudad y que se pueda trabajar m\u00e1s en conjunto con la administraci\u00f3n del Alcalde William Dau. \u201cLo que hemos visto en el \u00faltimo tiempo es&#8230; <\/p>\n","protected":false},"author":3,"featured_media":34128,"comment_status":"closed","ping_status":"closed","sticky":false,"template":"","format":"standard","meta":{"footnotes":"","_links_to":"","_links_to_target":""},"categories":[27,75,4],"tags":[],"class_list":["post-34127","post","type-post","status-publish","format-standard","has-post-thumbnail","hentry","category-politicaconcejo","category-destacada","category-politica"],"_links":{"self":[{"href":"https:\/\/revistazetta.com\/index.php?rest_route=\/wp\/v2\/posts\/34127","targetHints":{"allow":["GET"]}}],"collection":[{"href":"https:\/\/revistazetta.com\/index.php?rest_route=\/wp\/v2\/posts"}],"about":[{"href":"https:\/\/revistazetta.com\/index.php?rest_route=\/wp\/v2\/types\/post"}],"author":[{"embeddable":true,"href":"https:\/\/revistazetta.com\/index.php?rest_route=\/wp\/v2\/users\/3"}],"replies":[{"embeddable":true,"href":"https:\/\/revistazetta.com\/index.php?rest_route=%2Fwp%2Fv2%2Fcomments&post=34127"}],"version-history":[{"count":0,"href":"https:\/\/revistazetta.com\/index.php?rest_route=\/wp\/v2\/posts\/34127\/revisions"}],"wp:featuredmedia":[{"embeddable":true,"href":"https:\/\/revistazetta.com\/index.php?rest_route=\/wp\/v2\/media\/34128"}],"wp:attachment":[{"href":"https:\/\/revistazetta.com\/index.php?rest_route=%2Fwp%2Fv2%2Fmedia&parent=34127"}],"wp:term":[{"taxonomy":"category","embeddable":true,"href":"https:\/\/revistazetta.com\/index.php?rest_route=%2Fwp%2Fv2%2Fcategories&post=34127"},{"taxonomy":"post_tag","embeddable":true,"href":"https:\/\/revistazetta.com\/index.php?rest_route=%2Fwp%2Fv2%2Ftags&post=34127"}],"curies":[{"name":"wp","href":"https:\/\/api.w.org\/{rel}","templated":true}]}}