{"id":34129,"date":"2020-02-17T06:32:17","date_gmt":"2020-02-17T11:32:17","guid":{"rendered":"http:\/\/www.revistazetta.com\/?p=34129"},"modified":"2020-03-29T18:52:01","modified_gmt":"2020-03-29T23:52:01","slug":"elaboracion-del-plan-de-desarrollo-va-a-unidades-comuneras","status":"publish","type":"post","link":"https:\/\/revistazetta.com\/?p=34129","title":{"rendered":"Elaboraci\u00f3n del Plan de Desarrollo Distrital va a Unidades Comuneras"},"content":{"rendered":"<p>Desde este lunes 17 de febrero, las mesas de participaci\u00f3n ciudadana para la construcci\u00f3n colectiva del Plan de Desarrollo 2020 \u2013 2023 \u201cSalvemos Juntos a Cartagena\u201d se realizar\u00e1n en cada una de las unidades comuneras de gobierno de la ciudad.<\/p>\n<p>\u201cQueremos que sea un proceso de participaci\u00f3n incidente, donde revisaremos con el equipo las propuestas m\u00e1s relevantes y viables, las cuales ser\u00e1n tenidas en cuenta para el Plan de Desarrollo 2020 \u2013 2023, que busca construir una Cartagena resiliente, incluyente, pujante y transparente\u201d, se\u00f1al\u00f3 el secretario de Planeaci\u00f3n distrital, Guillermo \u00c1vila Barrag\u00e1n.<\/p>\n<p>\u201cLo \u00fanico que los cartageneros necesitan para participar en la construcci\u00f3n colectiva del Plan de Desarrollo es asistir a la mesa correspondiente a su unidad comunera y seguir la metodolog\u00eda dise\u00f1ada para que realicen su aporte\u201d, sostuvo \u00c1vila Barrag\u00e1n.<\/p>\n<p>Las mesas de participaci\u00f3n ciudadana en las unidades comuneras de gobierno tendr\u00e1n lugar los d\u00edas lunes 17 de febrero, mi\u00e9rcoles 19 de febrero y viernes 21 de febrero, en distintas instituciones educativas del Distrito.<\/p>\n<p>Esta es la programaci\u00f3n de las mesas:<\/p>\n<p><img loading=\"lazy\" decoding=\"async\" class=\"size-medium wp-image-34131 aligncenter\" src=\"https:\/\/www.revistazetta.com\/wp-content\/uploads\/2020\/02\/Comunera-1-400x400.jpeg\" alt=\"\" width=\"400\" height=\"400\" srcset=\"https:\/\/revistazetta.com\/wp-content\/uploads\/2020\/02\/Comunera-1-400x400.jpeg 400w, https:\/\/revistazetta.com\/wp-content\/uploads\/2020\/02\/Comunera-1-300x300.jpeg 300w, https:\/\/revistazetta.com\/wp-content\/uploads\/2020\/02\/Comunera-1-1024x1024.jpeg 1024w, https:\/\/revistazetta.com\/wp-content\/uploads\/2020\/02\/Comunera-1-146x146.jpeg 146w, https:\/\/revistazetta.com\/wp-content\/uploads\/2020\/02\/Comunera-1-50x50.jpeg 50w, https:\/\/revistazetta.com\/wp-content\/uploads\/2020\/02\/Comunera-1-75x75.jpeg 75w, https:\/\/revistazetta.com\/wp-content\/uploads\/2020\/02\/Comunera-1-85x85.jpeg 85w, https:\/\/revistazetta.com\/wp-content\/uploads\/2020\/02\/Comunera-1-80x80.jpeg 80w, https:\/\/revistazetta.com\/wp-content\/uploads\/2020\/02\/Comunera-1.jpeg 1280w\" sizes=\"auto, (max-width: 400px) 100vw, 400px\" \/><\/p>\n<p><strong>Lunes 17 de febrero, 4:00 de la tarde<\/strong><\/p>\n<p>Unidad comunera de gobierno #1: Instituci\u00f3n educativa Antonia Santos.<\/p>\n<p>Unidad comunera de gobierno #2: Instituci\u00f3n educativa Jos\u00e9 de la Vega.<\/p>\n<p>Unidad comunera de gobierno #3: Instituci\u00f3n educativa Coraz\u00f3n de Mar\u00eda.<\/p>\n<p>Unidad comunera de gobierno #8: CASD Manuela Beltr\u00e1n.<\/p>\n<p>Unidad comunera de gobierno #9: Instituci\u00f3n educativa Mar\u00eda Auxiliadora.<\/p>\n<p>Unidad comunera de gobierno #10: Colegio Fern\u00e1ndez Baena.<\/p>\n<p><img loading=\"lazy\" decoding=\"async\" class=\"size-medium wp-image-34133 aligncenter\" src=\"https:\/\/www.revistazetta.com\/wp-content\/uploads\/2020\/02\/Comunera-3-400x400.jpeg\" alt=\"\" width=\"400\" height=\"400\" srcset=\"https:\/\/revistazetta.com\/wp-content\/uploads\/2020\/02\/Comunera-3-400x400.jpeg 400w, https:\/\/revistazetta.com\/wp-content\/uploads\/2020\/02\/Comunera-3-300x300.jpeg 300w, https:\/\/revistazetta.com\/wp-content\/uploads\/2020\/02\/Comunera-3-1024x1024.jpeg 1024w, https:\/\/revistazetta.com\/wp-content\/uploads\/2020\/02\/Comunera-3-146x146.jpeg 146w, https:\/\/revistazetta.com\/wp-content\/uploads\/2020\/02\/Comunera-3-50x50.jpeg 50w, https:\/\/revistazetta.com\/wp-content\/uploads\/2020\/02\/Comunera-3-75x75.jpeg 75w, https:\/\/revistazetta.com\/wp-content\/uploads\/2020\/02\/Comunera-3-85x85.jpeg 85w, https:\/\/revistazetta.com\/wp-content\/uploads\/2020\/02\/Comunera-3-80x80.jpeg 80w, https:\/\/revistazetta.com\/wp-content\/uploads\/2020\/02\/Comunera-3.jpeg 1280w\" sizes=\"auto, (max-width: 400px) 100vw, 400px\" \/><\/p>\n<p><strong>Mi\u00e9rcoles 19 de febrero, 4:00 de la tarde<\/strong><\/p>\n<p>Unidad comunera de gobierno #4: Instituci\u00f3n educativa Mar\u00eda Reina.<\/p>\n<p>Unidad comunera de gobierno #5: Instituci\u00f3n educativa Foco Rojo.<\/p>\n<p>Unidad comunera de gobierno #6: Instituci\u00f3n educativa Camilo Torres.<\/p>\n<p>Unidad comunera de gobierno #7: Instituci\u00f3n educativa Madre Gabriela de San Mart\u00edn.<\/p>\n<p>Unidad comunera de gobierno #11: Instituci\u00f3n educativa San Francisco de As\u00eds.<\/p>\n<p><img loading=\"lazy\" decoding=\"async\" class=\"size-medium wp-image-34132 aligncenter\" src=\"https:\/\/www.revistazetta.com\/wp-content\/uploads\/2020\/02\/Comunera-2-400x400.jpeg\" alt=\"\" width=\"400\" height=\"400\" srcset=\"https:\/\/revistazetta.com\/wp-content\/uploads\/2020\/02\/Comunera-2-400x400.jpeg 400w, https:\/\/revistazetta.com\/wp-content\/uploads\/2020\/02\/Comunera-2-300x300.jpeg 300w, https:\/\/revistazetta.com\/wp-content\/uploads\/2020\/02\/Comunera-2-1024x1024.jpeg 1024w, https:\/\/revistazetta.com\/wp-content\/uploads\/2020\/02\/Comunera-2-146x146.jpeg 146w, https:\/\/revistazetta.com\/wp-content\/uploads\/2020\/02\/Comunera-2-50x50.jpeg 50w, https:\/\/revistazetta.com\/wp-content\/uploads\/2020\/02\/Comunera-2-75x75.jpeg 75w, https:\/\/revistazetta.com\/wp-content\/uploads\/2020\/02\/Comunera-2-85x85.jpeg 85w, https:\/\/revistazetta.com\/wp-content\/uploads\/2020\/02\/Comunera-2-80x80.jpeg 80w, https:\/\/revistazetta.com\/wp-content\/uploads\/2020\/02\/Comunera-2.jpeg 1280w\" sizes=\"auto, (max-width: 400px) 100vw, 400px\" \/><br \/>\n<strong>Viernes 21 de febrero, 4:00 de la tarde<\/strong><\/p>\n<p>Unidad comunera de gobierno #12: Instituci\u00f3n educativa John F. Kennedy.<\/p>\n<p>Unidad comunera de gobierno #13: Instituci\u00f3n ambientalista San Jos\u00e9 de los Campanos.<\/p>\n<p>Unidad comunera de gobierno #14: Instituci\u00f3n educativa Mercedes \u00c1brego.<\/p>\n<p>Unidad comunera de gobierno #15: Instituci\u00f3n educativa Fe y Alegr\u00eda de El Progreso.<\/p>\n","protected":false},"excerpt":{"rendered":"<p>Desde este lunes 17 de febrero, las mesas de participaci\u00f3n ciudadana para la construcci\u00f3n colectiva del Plan de Desarrollo 2020 \u2013 2023 \u201cSalvemos Juntos a Cartagena\u201d se realizar\u00e1n en cada una de las unidades comuneras de gobierno de la ciudad. \u201cQueremos que sea un proceso de participaci\u00f3n incidente, donde revisaremos con el equipo las propuestas m\u00e1s relevantes y viables, las cuales ser\u00e1n tenidas en cuenta para el Plan de Desarrollo 2020 \u2013 2023, que busca construir una Cartagena resiliente, incluyente, pujante y transparente\u201d, se\u00f1al\u00f3 el secretario de Planeaci\u00f3n distrital, Guillermo&#8230; <\/p>\n","protected":false},"author":3,"featured_media":34130,"comment_status":"closed","ping_status":"closed","sticky":false,"template":"","format":"standard","meta":{"footnotes":"","_links_to":"","_links_to_target":""},"categories":[75,32],"tags":[],"class_list":["post-34129","post","type-post","status-publish","format-standard","has-post-thumbnail","hentry","category-destacada","category-actualidad-distrito"],"_links":{"self":[{"href":"https:\/\/revistazetta.com\/index.php?rest_route=\/wp\/v2\/posts\/34129","targetHints":{"allow":["GET"]}}],"collection":[{"href":"https:\/\/revistazetta.com\/index.php?rest_route=\/wp\/v2\/posts"}],"about":[{"href":"https:\/\/revistazetta.com\/index.php?rest_route=\/wp\/v2\/types\/post"}],"author":[{"embeddable":true,"href":"https:\/\/revistazetta.com\/index.php?rest_route=\/wp\/v2\/users\/3"}],"replies":[{"embeddable":true,"href":"https:\/\/revistazetta.com\/index.php?rest_route=%2Fwp%2Fv2%2Fcomments&post=34129"}],"version-history":[{"count":0,"href":"https:\/\/revistazetta.com\/index.php?rest_route=\/wp\/v2\/posts\/34129\/revisions"}],"wp:featuredmedia":[{"embeddable":true,"href":"https:\/\/revistazetta.com\/index.php?rest_route=\/wp\/v2\/media\/34130"}],"wp:attachment":[{"href":"https:\/\/revistazetta.com\/index.php?rest_route=%2Fwp%2Fv2%2Fmedia&parent=34129"}],"wp:term":[{"taxonomy":"category","embeddable":true,"href":"https:\/\/revistazetta.com\/index.php?rest_route=%2Fwp%2Fv2%2Fcategories&post=34129"},{"taxonomy":"post_tag","embeddable":true,"href":"https:\/\/revistazetta.com\/index.php?rest_route=%2Fwp%2Fv2%2Ftags&post=34129"}],"curies":[{"name":"wp","href":"https:\/\/api.w.org\/{rel}","templated":true}]}}