{"id":34206,"date":"2020-02-21T07:32:34","date_gmt":"2020-02-21T12:32:34","guid":{"rendered":"http:\/\/www.revistazetta.com\/?p=34206"},"modified":"2020-03-29T18:52:01","modified_gmt":"2020-03-29T23:52:01","slug":"este-viernes-concierto-de-clausura-de-concuerda-en-unibac","status":"publish","type":"post","link":"https:\/\/revistazetta.com\/?p=34206","title":{"rendered":"Este viernes, concierto de clausura de ConCuerda en Unibac"},"content":{"rendered":"\n<p><\/p>\n\n\n\n<p>Este viernes 21 de febrero, a las 6 de la tarde, se realizar\u00e1 en el sal\u00f3n Pierre Daguet de la Instituci\u00f3n Universitaria Bellas Artes y Ciencias de Bol\u00edvar (Unibac), el concierto de clausura del programa ConCuerda 2020, una de las residencias art\u00edsticas m\u00e1s importantes para los j\u00f3venes amantes de la m\u00fasica en el Caribe Colombiano.\u00a0<\/p>\n\n\n\n<p>En el escenario estar\u00e1 la Orquesta Tito San Giorgi del Conservatorio de M\u00fasica Adolfo Mej\u00eda de Unibac junto a los proyectos sociales Nuestra Orquesta y el Colectivo Canta, acompa\u00f1ados por el violinista canadiense Karl Stobbe.<\/p>\n\n\n\n<p>Para esta ocasi\u00f3n, los j\u00f3venes m\u00fasicos interpretar\u00e1n dentro de su repertorio, \u201cSerenata para cuerdas\u201d de Norman Leydn, \u201cLibertango\u201d de Astor Piazzolla, \u201cAcuarelas colombianas\u201d de Adolfo Mej\u00eda, \u201cFestival en Guarar\u00e9\u201d de Alfredo Guti\u00e9rrez, entre otras melod\u00edas.<\/p>\n\n\n\n<p>El concierto es abierto al p\u00fablico hasta completar aforo.<\/p>\n","protected":false},"excerpt":{"rendered":"<p>Este viernes 21 de febrero, a las 6 de la tarde, se realizar\u00e1 en el sal\u00f3n Pierre Daguet de la Instituci\u00f3n Universitaria Bellas Artes y Ciencias de Bol\u00edvar (Unibac), el concierto de clausura del programa ConCuerda 2020, una de las residencias art\u00edsticas m\u00e1s importantes para los j\u00f3venes amantes de la m\u00fasica en el Caribe Colombiano.\u00a0 En el escenario estar\u00e1 la Orquesta Tito San Giorgi del Conservatorio de M\u00fasica Adolfo Mej\u00eda de Unibac junto a los proyectos sociales Nuestra Orquesta y el Colectivo Canta, acompa\u00f1ados por el violinista canadiense Karl Stobbe&#8230;. <\/p>\n","protected":false},"author":3,"featured_media":34207,"comment_status":"closed","ping_status":"closed","sticky":false,"template":"","format":"standard","meta":{"footnotes":"","_links_to":"","_links_to_target":""},"categories":[41,75,43],"tags":[],"class_list":["post-34206","post","type-post","status-publish","format-standard","has-post-thumbnail","hentry","category-cultura","category-destacada","category-cultura-musica"],"_links":{"self":[{"href":"https:\/\/revistazetta.com\/index.php?rest_route=\/wp\/v2\/posts\/34206","targetHints":{"allow":["GET"]}}],"collection":[{"href":"https:\/\/revistazetta.com\/index.php?rest_route=\/wp\/v2\/posts"}],"about":[{"href":"https:\/\/revistazetta.com\/index.php?rest_route=\/wp\/v2\/types\/post"}],"author":[{"embeddable":true,"href":"https:\/\/revistazetta.com\/index.php?rest_route=\/wp\/v2\/users\/3"}],"replies":[{"embeddable":true,"href":"https:\/\/revistazetta.com\/index.php?rest_route=%2Fwp%2Fv2%2Fcomments&post=34206"}],"version-history":[{"count":0,"href":"https:\/\/revistazetta.com\/index.php?rest_route=\/wp\/v2\/posts\/34206\/revisions"}],"wp:featuredmedia":[{"embeddable":true,"href":"https:\/\/revistazetta.com\/index.php?rest_route=\/wp\/v2\/media\/34207"}],"wp:attachment":[{"href":"https:\/\/revistazetta.com\/index.php?rest_route=%2Fwp%2Fv2%2Fmedia&parent=34206"}],"wp:term":[{"taxonomy":"category","embeddable":true,"href":"https:\/\/revistazetta.com\/index.php?rest_route=%2Fwp%2Fv2%2Fcategories&post=34206"},{"taxonomy":"post_tag","embeddable":true,"href":"https:\/\/revistazetta.com\/index.php?rest_route=%2Fwp%2Fv2%2Ftags&post=34206"}],"curies":[{"name":"wp","href":"https:\/\/api.w.org\/{rel}","templated":true}]}}