{"id":34282,"date":"2020-02-27T06:33:03","date_gmt":"2020-02-27T11:33:03","guid":{"rendered":"http:\/\/revistazetta.com\/?p=34282"},"modified":"2020-03-29T18:52:00","modified_gmt":"2020-03-29T23:52:00","slug":"20-anos-de-revista-zetta-se-celebran-con-altura-mundial","status":"publish","type":"post","link":"https:\/\/revistazetta.com\/?p=34282","title":{"rendered":"20 a\u00f1os de Revista Zetta se celebran con altura mundial"},"content":{"rendered":"\n<blockquote class=\"wp-block-quote is-layout-flow wp-block-quote-is-layout-flow\"><p><strong>Dominar el mundo desde la actividad en que se especializa es uno de los atributos que distinguen a la conferencista central en la celebraci\u00f3n de los 20 a\u00f1os de Revista Zetta, este viernes 28 de febrero.<\/strong><\/p><\/blockquote>\n\n\n\n<p>Ser\u00e1 una sorpresa de talla mundial en el homenaje que Revista Zetta le brinda a mujeres que se destacan en los \u00e1mbitos privado, p\u00fablico, acad\u00e9mico, cultural y social.<\/p>\n\n\n\n<p>Son 25 mujeres que demuestran su gran capacidad frente a los enormes retos que asumen y superan, y por ello la Revista Zetta desea destacar las actuales circunstancias de liderazgo de la Mujer cartagenera y bolivarense.<\/p>\n\n\n\n<p>En la actualidad Alicia Arango se desempe\u00f1a como Ministra del Interior; por primera vez hay cinco concejales y tres diputadas; la dirigencia gremial tiene amplia representaci\u00f3n femenina, y el el \u00e1mbito period\u00edstico, acad\u00e9mico y cultural es descollante su gesti\u00f3n.<\/p>\n\n\n\n<p>El homenaje a la Mujer 2020 ser\u00e1 este viernes 28 de febrero, a las 7 de la noche, en el sal\u00f3n Pierre Daguet de Unibac (Instituci\u00f3n Universitaria de Bellas Artes y Ciencias de Bol\u00edvar), y la invitaci\u00f3n es abierta a toda la comunidad de Revista Zetta: audiencia, seguidores, opinadores, colaboradores, estudiantes y auspiciadores, entre otros.<\/p>\n\n\n\n<p><strong>Celebraci\u00f3n con nueva imagen<\/strong><\/p>\n\n\n\n<p>El nuevo Sistema Informativo Zetta incorporar\u00e1 contenidos distintivos, anal\u00edticos y edificantes, resultado de la madurez y consolidaci\u00f3n period\u00edstica luego de 20 a\u00f1os de servicios desde Cartagena de Indias.<\/p>\n\n\n\n<p>Para celebrarlo a la altura de nuestra creciente audiencia, hemos previsto una serie de eventos de car\u00e1cter acad\u00e9mico, as\u00ed como un nuevo portafolio de contenidos que incluye la nueva interfaz del portal&nbsp;<a href=\"https:\/\/www.revistazetta.com\/\">www.revistazetta.com<\/a>&nbsp;y la repotenciaci\u00f3n de nuestro sistema informativo en sus cuentas en redes sociales (Instagram, Twitter, Facebook, SoundCloud, Youtube, WhatsApp), y su emisora virtual.<\/p>\n\n\n\n<p>&nbsp;\u201cTendremos eventos acad\u00e9micos para lo cual estamos estableciendo varias alianzas de orden nacional, regional y local\u201d, dijo John Zamora, director del Revista Zetta.<\/p>\n\n\n\n<p>La primera emisi\u00f3n impresa de Revista Zetta sali\u00f3 al 28 de febrero de 2000, y se mantuvo por 16 a\u00f1os, para dar paso a la actual versi\u00f3n digital, que comenz\u00f3 a publicarse el 14 de abril de 2015.<\/p>\n\n\n\n<p>La celebraci\u00f3n del 20\u00ba aniversario se cumplir\u00e1 en dos \u00f3rbitas: la actualizaci\u00f3n de su sistema informativo y la agenda de eventos acad\u00e9micos 2020.<\/p>\n\n\n\n<p><strong>Actualizaci\u00f3n del Sistema Informativo Zetta \u2013SIZ-<\/strong><\/p>\n\n\n\n<p>Redise\u00f1o de la interfaz de&nbsp;<a href=\"https:\/\/www.revistazetta.com\/\">www.revistazetta.com<\/a>, columna vertebral del SIZ, lanzamiento de la APP del SIZ, nuevos contenidos culturales de la emisora virtual Revista Zetta, generaci\u00f3n de contenidos especiales del SIZ para WhatsApp, Instagram, Facebook, YouTube y Twitter, apertura del estudio multimedia de Revista Zetta, entre otros.<\/p>\n\n\n\n<p>La Agenda Acad\u00e9mica tiene previstos cinco foros, a programarse entre marzo y octubre 2020, as\u00ed:<\/p>\n\n\n\n<p>Caribe: desarrollo e integraci\u00f3n regional; Industrias Culturales; Cartagena Urbana y Rural; Regi\u00f3n Inclusiva; y Mega Proyectos.<\/p>\n","protected":false},"excerpt":{"rendered":"<p>Dominar el mundo desde la actividad en que se especializa es uno de los atributos que distinguen a la conferencista central en la celebraci\u00f3n de los 20 a\u00f1os de Revista Zetta, este viernes 28 de febrero. Ser\u00e1 una sorpresa de talla mundial en el homenaje que Revista Zetta le brinda a mujeres que se destacan en los \u00e1mbitos privado, p\u00fablico, acad\u00e9mico, cultural y social. Son 25 mujeres que demuestran su gran capacidad frente a los enormes retos que asumen y superan, y por ello la Revista Zetta desea destacar las&#8230; <\/p>\n","protected":false},"author":3,"featured_media":34283,"comment_status":"closed","ping_status":"closed","sticky":false,"template":"","format":"standard","meta":{"footnotes":"","_links_to":"","_links_to_target":""},"categories":[75,31],"tags":[285],"class_list":["post-34282","post","type-post","status-publish","format-standard","has-post-thumbnail","hentry","category-destacada","category-politica-reportajes","tag-destacada"],"_links":{"self":[{"href":"https:\/\/revistazetta.com\/index.php?rest_route=\/wp\/v2\/posts\/34282","targetHints":{"allow":["GET"]}}],"collection":[{"href":"https:\/\/revistazetta.com\/index.php?rest_route=\/wp\/v2\/posts"}],"about":[{"href":"https:\/\/revistazetta.com\/index.php?rest_route=\/wp\/v2\/types\/post"}],"author":[{"embeddable":true,"href":"https:\/\/revistazetta.com\/index.php?rest_route=\/wp\/v2\/users\/3"}],"replies":[{"embeddable":true,"href":"https:\/\/revistazetta.com\/index.php?rest_route=%2Fwp%2Fv2%2Fcomments&post=34282"}],"version-history":[{"count":0,"href":"https:\/\/revistazetta.com\/index.php?rest_route=\/wp\/v2\/posts\/34282\/revisions"}],"wp:featuredmedia":[{"embeddable":true,"href":"https:\/\/revistazetta.com\/index.php?rest_route=\/wp\/v2\/media\/34283"}],"wp:attachment":[{"href":"https:\/\/revistazetta.com\/index.php?rest_route=%2Fwp%2Fv2%2Fmedia&parent=34282"}],"wp:term":[{"taxonomy":"category","embeddable":true,"href":"https:\/\/revistazetta.com\/index.php?rest_route=%2Fwp%2Fv2%2Fcategories&post=34282"},{"taxonomy":"post_tag","embeddable":true,"href":"https:\/\/revistazetta.com\/index.php?rest_route=%2Fwp%2Fv2%2Ftags&post=34282"}],"curies":[{"name":"wp","href":"https:\/\/api.w.org\/{rel}","templated":true}]}}