{"id":34344,"date":"2020-03-01T10:26:16","date_gmt":"2020-03-01T15:26:16","guid":{"rendered":"http:\/\/revistazetta.com\/?p=34344"},"modified":"2020-03-29T18:51:26","modified_gmt":"2020-03-29T23:51:26","slug":"galeria-revista-zetta-20-anos","status":"publish","type":"post","link":"https:\/\/revistazetta.com\/?p=34344","title":{"rendered":"Galer\u00eda: Revista Zetta 20 a\u00f1os"},"content":{"rendered":"<p>En el sal\u00f3n Pierre Daguet de UNIBAC se cumpli\u00f3 la ceremonia de Homenaje a la Mujer 2020, organizada por Revista Zetta con ocasi\u00f3n de su XX aniversario.<\/p>\n<div id=\"attachment_34381\" style=\"width: 410px\" class=\"wp-caption alignnone\"><img loading=\"lazy\" decoding=\"async\" aria-describedby=\"caption-attachment-34381\" class=\"wp-image-34381 size-medium\" src=\"https:\/\/revistazetta.com\/wp-content\/uploads\/2020\/03\/WhatsApp-Image-2020-02-29-at-7.45.51-AM-2-400x267.jpeg\" alt=\"\" width=\"400\" height=\"267\" srcset=\"https:\/\/revistazetta.com\/wp-content\/uploads\/2020\/03\/WhatsApp-Image-2020-02-29-at-7.45.51-AM-2-400x267.jpeg 400w, https:\/\/revistazetta.com\/wp-content\/uploads\/2020\/03\/WhatsApp-Image-2020-02-29-at-7.45.51-AM-2-1024x683.jpeg 1024w, https:\/\/revistazetta.com\/wp-content\/uploads\/2020\/03\/WhatsApp-Image-2020-02-29-at-7.45.51-AM-2.jpeg 1142w\" sizes=\"auto, (max-width: 400px) 100vw, 400px\" \/><p id=\"caption-attachment-34381\" class=\"wp-caption-text\">John Zamora, director Revista Zetta.<\/p><\/div>\n<div id=\"attachment_34363\" style=\"width: 410px\" class=\"wp-caption alignnone\"><img loading=\"lazy\" decoding=\"async\" aria-describedby=\"caption-attachment-34363\" class=\"wp-image-34363 size-medium\" src=\"https:\/\/revistazetta.com\/wp-content\/uploads\/2020\/03\/WhatsApp-Image-2020-02-29-at-1.30.17-PM-1-400x267.jpeg\" alt=\"\" width=\"400\" height=\"267\" srcset=\"https:\/\/revistazetta.com\/wp-content\/uploads\/2020\/03\/WhatsApp-Image-2020-02-29-at-1.30.17-PM-1-400x267.jpeg 400w, https:\/\/revistazetta.com\/wp-content\/uploads\/2020\/03\/WhatsApp-Image-2020-02-29-at-1.30.17-PM-1-1024x682.jpeg 1024w, https:\/\/revistazetta.com\/wp-content\/uploads\/2020\/03\/WhatsApp-Image-2020-02-29-at-1.30.17-PM-1.jpeg 1280w\" sizes=\"auto, (max-width: 400px) 100vw, 400px\" \/><p id=\"caption-attachment-34363\" class=\"wp-caption-text\">El grupo de mujeres homenajeadas.<\/p><\/div>\n<div id=\"attachment_34378\" style=\"width: 410px\" class=\"wp-caption alignnone\"><img loading=\"lazy\" decoding=\"async\" aria-describedby=\"caption-attachment-34378\" class=\"wp-image-34378 size-medium\" src=\"https:\/\/revistazetta.com\/wp-content\/uploads\/2020\/03\/WhatsApp-Image-2020-02-29-at-7.45.50-AM-3-400x288.jpeg\" alt=\"\" width=\"400\" height=\"288\" srcset=\"https:\/\/revistazetta.com\/wp-content\/uploads\/2020\/03\/WhatsApp-Image-2020-02-29-at-7.45.50-AM-3-400x288.jpeg 400w, https:\/\/revistazetta.com\/wp-content\/uploads\/2020\/03\/WhatsApp-Image-2020-02-29-at-7.45.50-AM-3.jpeg 968w\" sizes=\"auto, (max-width: 400px) 100vw, 400px\" \/><p id=\"caption-attachment-34378\" class=\"wp-caption-text\">Felicitaci\u00f3n de la senadora Nadia Blel.<\/p><\/div>\n<div id=\"attachment_34349\" style=\"width: 410px\" class=\"wp-caption alignnone\"><img loading=\"lazy\" decoding=\"async\" aria-describedby=\"caption-attachment-34349\" class=\"wp-image-34349 size-medium\" src=\"https:\/\/revistazetta.com\/wp-content\/uploads\/2020\/03\/WhatsApp-Image-2020-02-28-at-9.45.50-PM-1-400x267.jpeg\" alt=\"\" width=\"400\" height=\"267\" srcset=\"https:\/\/revistazetta.com\/wp-content\/uploads\/2020\/03\/WhatsApp-Image-2020-02-28-at-9.45.50-PM-1-400x267.jpeg 400w, https:\/\/revistazetta.com\/wp-content\/uploads\/2020\/03\/WhatsApp-Image-2020-02-28-at-9.45.50-PM-1-1024x683.jpeg 1024w, https:\/\/revistazetta.com\/wp-content\/uploads\/2020\/03\/WhatsApp-Image-2020-02-28-at-9.45.50-PM-1.jpeg 1200w\" sizes=\"auto, (max-width: 400px) 100vw, 400px\" \/><p id=\"caption-attachment-34349\" class=\"wp-caption-text\">Carolina Calder\u00f3n, directora de Funcicar, recibi\u00f3 distinci\u00f3n por servir como ojo vigilante de la sociedad civil.<\/p><\/div>\n<div id=\"attachment_34347\" style=\"width: 410px\" class=\"wp-caption alignnone\"><img loading=\"lazy\" decoding=\"async\" aria-describedby=\"caption-attachment-34347\" class=\"wp-image-34347 size-medium\" src=\"https:\/\/revistazetta.com\/wp-content\/uploads\/2020\/03\/WhatsApp-Image-2020-02-28-at-9.45.48-PM-400x267.jpeg\" alt=\"\" width=\"400\" height=\"267\" srcset=\"https:\/\/revistazetta.com\/wp-content\/uploads\/2020\/03\/WhatsApp-Image-2020-02-28-at-9.45.48-PM-400x267.jpeg 400w, https:\/\/revistazetta.com\/wp-content\/uploads\/2020\/03\/WhatsApp-Image-2020-02-28-at-9.45.48-PM-1024x683.jpeg 1024w, https:\/\/revistazetta.com\/wp-content\/uploads\/2020\/03\/WhatsApp-Image-2020-02-28-at-9.45.48-PM.jpeg 1200w\" sizes=\"auto, (max-width: 400px) 100vw, 400px\" \/><p id=\"caption-attachment-34347\" class=\"wp-caption-text\">La Chechy Baena fue la conferencista central y recibi\u00f3 el ejemplar de la edici\u00f3n impresa N\u00ba24, de agosto de 2000, donde se registr\u00f3 en portada con el titular \u00abMis primeras haza\u00f1as\u00bb.<\/p><\/div>\n<p>&nbsp;<\/p>\n<div id=\"attachment_34362\" style=\"width: 410px\" class=\"wp-caption alignnone\"><img loading=\"lazy\" decoding=\"async\" aria-describedby=\"caption-attachment-34362\" class=\"wp-image-34362 size-medium\" src=\"https:\/\/revistazetta.com\/wp-content\/uploads\/2020\/03\/WhatsApp-Image-2020-02-29-at-1.30.16-PM-400x267.jpeg\" alt=\"\" width=\"400\" height=\"267\" srcset=\"https:\/\/revistazetta.com\/wp-content\/uploads\/2020\/03\/WhatsApp-Image-2020-02-29-at-1.30.16-PM-400x267.jpeg 400w, https:\/\/revistazetta.com\/wp-content\/uploads\/2020\/03\/WhatsApp-Image-2020-02-29-at-1.30.16-PM-1024x682.jpeg 1024w, https:\/\/revistazetta.com\/wp-content\/uploads\/2020\/03\/WhatsApp-Image-2020-02-29-at-1.30.16-PM.jpeg 1280w\" sizes=\"auto, (max-width: 400px) 100vw, 400px\" \/><p id=\"caption-attachment-34362\" class=\"wp-caption-text\">Rodrigo Zamora y John Gabriel Zamora entregaron la distinci\u00f3n a sacra Nader, rectora de Unibac.<\/p><\/div>\n<div id=\"attachment_34376\" style=\"width: 410px\" class=\"wp-caption alignnone\"><img loading=\"lazy\" decoding=\"async\" aria-describedby=\"caption-attachment-34376\" class=\"wp-image-34376 size-medium\" src=\"https:\/\/revistazetta.com\/wp-content\/uploads\/2020\/03\/WhatsApp-Image-2020-02-29-at-7.45.50-AM-1-400x251.jpeg\" alt=\"\" width=\"400\" height=\"251\" srcset=\"https:\/\/revistazetta.com\/wp-content\/uploads\/2020\/03\/WhatsApp-Image-2020-02-29-at-7.45.50-AM-1-400x251.jpeg 400w, https:\/\/revistazetta.com\/wp-content\/uploads\/2020\/03\/WhatsApp-Image-2020-02-29-at-7.45.50-AM-1-1024x644.jpeg 1024w, https:\/\/revistazetta.com\/wp-content\/uploads\/2020\/03\/WhatsApp-Image-2020-02-29-at-7.45.50-AM-1.jpeg 1222w\" sizes=\"auto, (max-width: 400px) 100vw, 400px\" \/><p id=\"caption-attachment-34376\" class=\"wp-caption-text\">Ang\u00e9lica Salas, Nadia Blel, Diana Mart\u00ednez y Viviana Londo\u00f1o.<\/p><\/div>\n<div id=\"attachment_34379\" style=\"width: 410px\" class=\"wp-caption alignnone\"><img loading=\"lazy\" decoding=\"async\" aria-describedby=\"caption-attachment-34379\" class=\"wp-image-34379 size-medium\" src=\"https:\/\/revistazetta.com\/wp-content\/uploads\/2020\/03\/WhatsApp-Image-2020-02-29-at-7.45.50-AM-400x267.jpeg\" alt=\"\" width=\"400\" height=\"267\" srcset=\"https:\/\/revistazetta.com\/wp-content\/uploads\/2020\/03\/WhatsApp-Image-2020-02-29-at-7.45.50-AM-400x267.jpeg 400w, https:\/\/revistazetta.com\/wp-content\/uploads\/2020\/03\/WhatsApp-Image-2020-02-29-at-7.45.50-AM-1024x683.jpeg 1024w, https:\/\/revistazetta.com\/wp-content\/uploads\/2020\/03\/WhatsApp-Image-2020-02-29-at-7.45.50-AM.jpeg 1280w\" sizes=\"auto, (max-width: 400px) 100vw, 400px\" \/><p id=\"caption-attachment-34379\" class=\"wp-caption-text\">John Zamora, Diana Mart\u00ednez, Assad Olivero y Viviana Londo\u00f1o.<\/p><\/div>\n<div id=\"attachment_34351\" style=\"width: 410px\" class=\"wp-caption alignnone\"><img loading=\"lazy\" decoding=\"async\" aria-describedby=\"caption-attachment-34351\" class=\"wp-image-34351 size-medium\" src=\"https:\/\/revistazetta.com\/wp-content\/uploads\/2020\/03\/WhatsApp-Image-2020-02-28-at-9.45.50-PM-400x267.jpeg\" alt=\"\" width=\"400\" height=\"267\" srcset=\"https:\/\/revistazetta.com\/wp-content\/uploads\/2020\/03\/WhatsApp-Image-2020-02-28-at-9.45.50-PM-400x267.jpeg 400w, https:\/\/revistazetta.com\/wp-content\/uploads\/2020\/03\/WhatsApp-Image-2020-02-28-at-9.45.50-PM-1024x683.jpeg 1024w, https:\/\/revistazetta.com\/wp-content\/uploads\/2020\/03\/WhatsApp-Image-2020-02-28-at-9.45.50-PM.jpeg 1200w\" sizes=\"auto, (max-width: 400px) 100vw, 400px\" \/><p id=\"caption-attachment-34351\" class=\"wp-caption-text\">John Zamora, Ang\u00e9lica Salas y el representante Yamil Arana.<\/p><\/div>\n<div id=\"attachment_34377\" style=\"width: 410px\" class=\"wp-caption alignnone\"><img loading=\"lazy\" decoding=\"async\" aria-describedby=\"caption-attachment-34377\" class=\"wp-image-34377 size-medium\" src=\"https:\/\/revistazetta.com\/wp-content\/uploads\/2020\/03\/WhatsApp-Image-2020-02-29-at-7.45.50-AM-2-400x261.jpeg\" alt=\"\" width=\"400\" height=\"261\" srcset=\"https:\/\/revistazetta.com\/wp-content\/uploads\/2020\/03\/WhatsApp-Image-2020-02-29-at-7.45.50-AM-2-400x261.jpeg 400w, https:\/\/revistazetta.com\/wp-content\/uploads\/2020\/03\/WhatsApp-Image-2020-02-29-at-7.45.50-AM-2-1024x669.jpeg 1024w, https:\/\/revistazetta.com\/wp-content\/uploads\/2020\/03\/WhatsApp-Image-2020-02-29-at-7.45.50-AM-2.jpeg 1280w\" sizes=\"auto, (max-width: 400px) 100vw, 400px\" \/><p id=\"caption-attachment-34377\" class=\"wp-caption-text\">Las diputadas Ana Castro y Sof\u00eda Ricardo.<\/p><\/div>\n<div id=\"attachment_34345\" style=\"width: 277px\" class=\"wp-caption alignnone\"><img loading=\"lazy\" decoding=\"async\" aria-describedby=\"caption-attachment-34345\" class=\"wp-image-34345 size-medium\" src=\"https:\/\/revistazetta.com\/wp-content\/uploads\/2020\/03\/WhatsApp-Image-2020-02-28-at-9.45.47-PM-267x400.jpeg\" alt=\"\" width=\"267\" height=\"400\" srcset=\"https:\/\/revistazetta.com\/wp-content\/uploads\/2020\/03\/WhatsApp-Image-2020-02-28-at-9.45.47-PM-267x400.jpeg 267w, https:\/\/revistazetta.com\/wp-content\/uploads\/2020\/03\/WhatsApp-Image-2020-02-28-at-9.45.47-PM-683x1024.jpeg 683w, https:\/\/revistazetta.com\/wp-content\/uploads\/2020\/03\/WhatsApp-Image-2020-02-28-at-9.45.47-PM.jpeg 800w\" sizes=\"auto, (max-width: 267px) 100vw, 267px\" \/><p id=\"caption-attachment-34345\" class=\"wp-caption-text\">Diana Mart\u00ednez Berrocal, secretaria general de la Alcald\u00eda de Cartagena.<\/p><\/div>\n<div id=\"attachment_34346\" style=\"width: 277px\" class=\"wp-caption alignnone\"><img loading=\"lazy\" decoding=\"async\" aria-describedby=\"caption-attachment-34346\" class=\"wp-image-34346 size-medium\" src=\"https:\/\/revistazetta.com\/wp-content\/uploads\/2020\/03\/WhatsApp-Image-2020-02-28-at-9.45.48-PM-1-267x400.jpeg\" alt=\"\" width=\"267\" height=\"400\" srcset=\"https:\/\/revistazetta.com\/wp-content\/uploads\/2020\/03\/WhatsApp-Image-2020-02-28-at-9.45.48-PM-1-267x400.jpeg 267w, https:\/\/revistazetta.com\/wp-content\/uploads\/2020\/03\/WhatsApp-Image-2020-02-28-at-9.45.48-PM-1-683x1024.jpeg 683w, https:\/\/revistazetta.com\/wp-content\/uploads\/2020\/03\/WhatsApp-Image-2020-02-28-at-9.45.48-PM-1.jpeg 800w\" sizes=\"auto, (max-width: 267px) 100vw, 267px\" \/><p id=\"caption-attachment-34346\" class=\"wp-caption-text\">Ang\u00e9lica Salas, gerente de Camacol Bol\u00edvar.<\/p><\/div>\n<div id=\"attachment_34348\" style=\"width: 410px\" class=\"wp-caption alignnone\"><img loading=\"lazy\" decoding=\"async\" aria-describedby=\"caption-attachment-34348\" class=\"wp-image-34348 size-medium\" src=\"https:\/\/revistazetta.com\/wp-content\/uploads\/2020\/03\/WhatsApp-Image-2020-02-28-at-9.45.49-PM-400x267.jpeg\" alt=\"\" width=\"400\" height=\"267\" srcset=\"https:\/\/revistazetta.com\/wp-content\/uploads\/2020\/03\/WhatsApp-Image-2020-02-28-at-9.45.49-PM-400x267.jpeg 400w, https:\/\/revistazetta.com\/wp-content\/uploads\/2020\/03\/WhatsApp-Image-2020-02-28-at-9.45.49-PM-1024x683.jpeg 1024w, https:\/\/revistazetta.com\/wp-content\/uploads\/2020\/03\/WhatsApp-Image-2020-02-28-at-9.45.49-PM.jpeg 1200w\" sizes=\"auto, (max-width: 400px) 100vw, 400px\" \/><p id=\"caption-attachment-34348\" class=\"wp-caption-text\">Rodrigo Zamora Moscoso, John Zamora, \u00c1ngela Moscoso y John Gabriel Zamora Moscoso.<\/p><\/div>\n<p>&nbsp;<\/p>\n<div id=\"attachment_34350\" style=\"width: 410px\" class=\"wp-caption alignnone\"><img loading=\"lazy\" decoding=\"async\" aria-describedby=\"caption-attachment-34350\" class=\"wp-image-34350 size-medium\" src=\"https:\/\/revistazetta.com\/wp-content\/uploads\/2020\/03\/WhatsApp-Image-2020-02-28-at-9.45.50-PM-2-400x267.jpeg\" alt=\"\" width=\"400\" height=\"267\" srcset=\"https:\/\/revistazetta.com\/wp-content\/uploads\/2020\/03\/WhatsApp-Image-2020-02-28-at-9.45.50-PM-2-400x267.jpeg 400w, https:\/\/revistazetta.com\/wp-content\/uploads\/2020\/03\/WhatsApp-Image-2020-02-28-at-9.45.50-PM-2-1024x683.jpeg 1024w, https:\/\/revistazetta.com\/wp-content\/uploads\/2020\/03\/WhatsApp-Image-2020-02-28-at-9.45.50-PM-2.jpeg 1200w\" sizes=\"auto, (max-width: 400px) 100vw, 400px\" \/><p id=\"caption-attachment-34350\" class=\"wp-caption-text\">Diana Mart\u00ednez, John Zamora, Viviana Londo\u00f1o.<\/p><\/div>\n<p>&nbsp;<\/p>\n<div id=\"attachment_34352\" style=\"width: 410px\" class=\"wp-caption alignnone\"><img loading=\"lazy\" decoding=\"async\" aria-describedby=\"caption-attachment-34352\" class=\"wp-image-34352 size-medium\" src=\"https:\/\/revistazetta.com\/wp-content\/uploads\/2020\/03\/WhatsApp-Image-2020-02-28-at-9.45.51-PM-1-400x267.jpeg\" alt=\"\" width=\"400\" height=\"267\" srcset=\"https:\/\/revistazetta.com\/wp-content\/uploads\/2020\/03\/WhatsApp-Image-2020-02-28-at-9.45.51-PM-1-400x267.jpeg 400w, https:\/\/revistazetta.com\/wp-content\/uploads\/2020\/03\/WhatsApp-Image-2020-02-28-at-9.45.51-PM-1-1024x683.jpeg 1024w, https:\/\/revistazetta.com\/wp-content\/uploads\/2020\/03\/WhatsApp-Image-2020-02-28-at-9.45.51-PM-1.jpeg 1200w\" sizes=\"auto, (max-width: 400px) 100vw, 400px\" \/><p id=\"caption-attachment-34352\" class=\"wp-caption-text\">Yamil Arana y Ang\u00e9lica Salas.<\/p><\/div>\n<div id=\"attachment_34353\" style=\"width: 410px\" class=\"wp-caption alignnone\"><img loading=\"lazy\" decoding=\"async\" aria-describedby=\"caption-attachment-34353\" class=\"wp-image-34353 size-medium\" src=\"https:\/\/revistazetta.com\/wp-content\/uploads\/2020\/03\/WhatsApp-Image-2020-02-28-at-9.45.51-PM-400x267.jpeg\" alt=\"\" width=\"400\" height=\"267\" srcset=\"https:\/\/revistazetta.com\/wp-content\/uploads\/2020\/03\/WhatsApp-Image-2020-02-28-at-9.45.51-PM-400x267.jpeg 400w, https:\/\/revistazetta.com\/wp-content\/uploads\/2020\/03\/WhatsApp-Image-2020-02-28-at-9.45.51-PM-1024x683.jpeg 1024w, https:\/\/revistazetta.com\/wp-content\/uploads\/2020\/03\/WhatsApp-Image-2020-02-28-at-9.45.51-PM.jpeg 1200w\" sizes=\"auto, (max-width: 400px) 100vw, 400px\" \/><p id=\"caption-attachment-34353\" class=\"wp-caption-text\">John Zamora, Jenny Zamora, Natalia Zamora y \u00c1ngela Moscoso.<\/p><\/div>\n<div id=\"attachment_34354\" style=\"width: 410px\" class=\"wp-caption alignnone\"><img loading=\"lazy\" decoding=\"async\" aria-describedby=\"caption-attachment-34354\" class=\"wp-image-34354 size-medium\" src=\"https:\/\/revistazetta.com\/wp-content\/uploads\/2020\/03\/WhatsApp-Image-2020-02-28-at-9.45.52-PM-400x267.jpeg\" alt=\"\" width=\"400\" height=\"267\" srcset=\"https:\/\/revistazetta.com\/wp-content\/uploads\/2020\/03\/WhatsApp-Image-2020-02-28-at-9.45.52-PM-400x267.jpeg 400w, https:\/\/revistazetta.com\/wp-content\/uploads\/2020\/03\/WhatsApp-Image-2020-02-28-at-9.45.52-PM-1024x683.jpeg 1024w, https:\/\/revistazetta.com\/wp-content\/uploads\/2020\/03\/WhatsApp-Image-2020-02-28-at-9.45.52-PM.jpeg 1200w\" sizes=\"auto, (max-width: 400px) 100vw, 400px\" \/><p id=\"caption-attachment-34354\" class=\"wp-caption-text\">Mayra Rodr\u00edguez, Ang\u00e9lica salas y Fanny Guerrero.<\/p><\/div>\n<div id=\"attachment_34356\" style=\"width: 410px\" class=\"wp-caption alignnone\"><img loading=\"lazy\" decoding=\"async\" aria-describedby=\"caption-attachment-34356\" class=\"wp-image-34356 size-medium\" src=\"https:\/\/revistazetta.com\/wp-content\/uploads\/2020\/03\/WhatsApp-Image-2020-02-28-at-9.45.54-PM-400x267.jpeg\" alt=\"\" width=\"400\" height=\"267\" srcset=\"https:\/\/revistazetta.com\/wp-content\/uploads\/2020\/03\/WhatsApp-Image-2020-02-28-at-9.45.54-PM-400x267.jpeg 400w, https:\/\/revistazetta.com\/wp-content\/uploads\/2020\/03\/WhatsApp-Image-2020-02-28-at-9.45.54-PM-1024x683.jpeg 1024w, https:\/\/revistazetta.com\/wp-content\/uploads\/2020\/03\/WhatsApp-Image-2020-02-28-at-9.45.54-PM.jpeg 1200w\" sizes=\"auto, (max-width: 400px) 100vw, 400px\" \/><p id=\"caption-attachment-34356\" class=\"wp-caption-text\">Mayra Rodr\u00edguez, Fanny Guerrero, Ang\u00e9lica Salas y Yamil Arana.<\/p><\/div>\n<div id=\"attachment_34358\" style=\"width: 410px\" class=\"wp-caption alignnone\"><img loading=\"lazy\" decoding=\"async\" aria-describedby=\"caption-attachment-34358\" class=\"wp-image-34358 size-medium\" src=\"https:\/\/revistazetta.com\/wp-content\/uploads\/2020\/03\/WhatsApp-Image-2020-02-28-at-9.45.55-PM-400x267.jpeg\" alt=\"\" width=\"400\" height=\"267\" srcset=\"https:\/\/revistazetta.com\/wp-content\/uploads\/2020\/03\/WhatsApp-Image-2020-02-28-at-9.45.55-PM-400x267.jpeg 400w, https:\/\/revistazetta.com\/wp-content\/uploads\/2020\/03\/WhatsApp-Image-2020-02-28-at-9.45.55-PM-1024x683.jpeg 1024w, https:\/\/revistazetta.com\/wp-content\/uploads\/2020\/03\/WhatsApp-Image-2020-02-28-at-9.45.55-PM.jpeg 1200w\" sizes=\"auto, (max-width: 400px) 100vw, 400px\" \/><p id=\"caption-attachment-34358\" class=\"wp-caption-text\">Rodrigo Zamora, John Zamora, \u00c1ngela Moscoso, Diana Mart\u00ednez, John Zamora, Viviana Londo\u00f1o, Julio Moscoso y Alicia L\u00f3pez.<\/p><\/div>\n<div id=\"attachment_34383\" style=\"width: 410px\" class=\"wp-caption alignnone\"><img loading=\"lazy\" decoding=\"async\" aria-describedby=\"caption-attachment-34383\" class=\"wp-image-34383 size-medium\" src=\"https:\/\/revistazetta.com\/wp-content\/uploads\/2020\/03\/WhatsApp-Image-2020-02-29-at-7.46.10-AM-400x268.jpeg\" alt=\"\" width=\"400\" height=\"268\" srcset=\"https:\/\/revistazetta.com\/wp-content\/uploads\/2020\/03\/WhatsApp-Image-2020-02-29-at-7.46.10-AM-400x268.jpeg 400w, https:\/\/revistazetta.com\/wp-content\/uploads\/2020\/03\/WhatsApp-Image-2020-02-29-at-7.46.10-AM-1024x685.jpeg 1024w, https:\/\/revistazetta.com\/wp-content\/uploads\/2020\/03\/WhatsApp-Image-2020-02-29-at-7.46.10-AM.jpeg 1280w\" sizes=\"auto, (max-width: 400px) 100vw, 400px\" \/><p id=\"caption-attachment-34383\" class=\"wp-caption-text\">Lina Rodr\u00edguez, directora FICCI.<\/p><\/div>\n<div id=\"attachment_34360\" style=\"width: 410px\" class=\"wp-caption alignnone\"><img loading=\"lazy\" decoding=\"async\" aria-describedby=\"caption-attachment-34360\" class=\"wp-image-34360 size-medium\" src=\"https:\/\/revistazetta.com\/wp-content\/uploads\/2020\/03\/WhatsApp-Image-2020-02-29-at-1.30.16-PM-1-400x267.jpeg\" alt=\"\" width=\"400\" height=\"267\" srcset=\"https:\/\/revistazetta.com\/wp-content\/uploads\/2020\/03\/WhatsApp-Image-2020-02-29-at-1.30.16-PM-1-400x267.jpeg 400w, https:\/\/revistazetta.com\/wp-content\/uploads\/2020\/03\/WhatsApp-Image-2020-02-29-at-1.30.16-PM-1-1024x682.jpeg 1024w, https:\/\/revistazetta.com\/wp-content\/uploads\/2020\/03\/WhatsApp-Image-2020-02-29-at-1.30.16-PM-1.jpeg 1280w\" sizes=\"auto, (max-width: 400px) 100vw, 400px\" \/><p id=\"caption-attachment-34360\" class=\"wp-caption-text\">Tadeo Murra, Sacra Nader y Tadeo Murra Nader.<\/p><\/div>\n<div id=\"attachment_34361\" style=\"width: 277px\" class=\"wp-caption alignnone\"><img loading=\"lazy\" decoding=\"async\" aria-describedby=\"caption-attachment-34361\" class=\"wp-image-34361 size-medium\" src=\"https:\/\/revistazetta.com\/wp-content\/uploads\/2020\/03\/WhatsApp-Image-2020-02-29-at-1.30.16-PM-2-267x400.jpeg\" alt=\"\" width=\"267\" height=\"400\" srcset=\"https:\/\/revistazetta.com\/wp-content\/uploads\/2020\/03\/WhatsApp-Image-2020-02-29-at-1.30.16-PM-2-267x400.jpeg 267w, https:\/\/revistazetta.com\/wp-content\/uploads\/2020\/03\/WhatsApp-Image-2020-02-29-at-1.30.16-PM-2-682x1024.jpeg 682w, https:\/\/revistazetta.com\/wp-content\/uploads\/2020\/03\/WhatsApp-Image-2020-02-29-at-1.30.16-PM-2.jpeg 853w\" sizes=\"auto, (max-width: 267px) 100vw, 267px\" \/><p id=\"caption-attachment-34361\" class=\"wp-caption-text\">Sacra Nader, rectora Unibac.<\/p><\/div>\n<div id=\"attachment_34364\" style=\"width: 410px\" class=\"wp-caption alignnone\"><img loading=\"lazy\" decoding=\"async\" aria-describedby=\"caption-attachment-34364\" class=\"wp-image-34364 size-medium\" src=\"https:\/\/revistazetta.com\/wp-content\/uploads\/2020\/03\/WhatsApp-Image-2020-02-29-at-1.30.17-PM-2-400x267.jpeg\" alt=\"\" width=\"400\" height=\"267\" srcset=\"https:\/\/revistazetta.com\/wp-content\/uploads\/2020\/03\/WhatsApp-Image-2020-02-29-at-1.30.17-PM-2-400x267.jpeg 400w, https:\/\/revistazetta.com\/wp-content\/uploads\/2020\/03\/WhatsApp-Image-2020-02-29-at-1.30.17-PM-2-1024x682.jpeg 1024w, https:\/\/revistazetta.com\/wp-content\/uploads\/2020\/03\/WhatsApp-Image-2020-02-29-at-1.30.17-PM-2.jpeg 1280w\" sizes=\"auto, (max-width: 400px) 100vw, 400px\" \/><p id=\"caption-attachment-34364\" class=\"wp-caption-text\">Ang\u00e9lica Salas, John Zamora, Nadia Blel y Sacra Nader.<\/p><\/div>\n<div id=\"attachment_34365\" style=\"width: 410px\" class=\"wp-caption alignnone\"><img loading=\"lazy\" decoding=\"async\" aria-describedby=\"caption-attachment-34365\" class=\"wp-image-34365 size-medium\" src=\"https:\/\/revistazetta.com\/wp-content\/uploads\/2020\/03\/WhatsApp-Image-2020-02-29-at-1.30.17-PM-400x267.jpeg\" alt=\"\" width=\"400\" height=\"267\" srcset=\"https:\/\/revistazetta.com\/wp-content\/uploads\/2020\/03\/WhatsApp-Image-2020-02-29-at-1.30.17-PM-400x267.jpeg 400w, https:\/\/revistazetta.com\/wp-content\/uploads\/2020\/03\/WhatsApp-Image-2020-02-29-at-1.30.17-PM-1024x682.jpeg 1024w, https:\/\/revistazetta.com\/wp-content\/uploads\/2020\/03\/WhatsApp-Image-2020-02-29-at-1.30.17-PM.jpeg 1280w\" sizes=\"auto, (max-width: 400px) 100vw, 400px\" \/><p id=\"caption-attachment-34365\" class=\"wp-caption-text\">John Zamora, Rodrigo Zamora, sacra Nader y John Zamora Moscoso.<\/p><\/div>\n<div id=\"attachment_34366\" style=\"width: 277px\" class=\"wp-caption alignnone\"><img loading=\"lazy\" decoding=\"async\" aria-describedby=\"caption-attachment-34366\" class=\"wp-image-34366 size-medium\" src=\"https:\/\/revistazetta.com\/wp-content\/uploads\/2020\/03\/WhatsApp-Image-2020-02-29-at-1.32.42-PM-267x400.jpeg\" alt=\"\" width=\"267\" height=\"400\" srcset=\"https:\/\/revistazetta.com\/wp-content\/uploads\/2020\/03\/WhatsApp-Image-2020-02-29-at-1.32.42-PM-267x400.jpeg 267w, https:\/\/revistazetta.com\/wp-content\/uploads\/2020\/03\/WhatsApp-Image-2020-02-29-at-1.32.42-PM-682x1024.jpeg 682w, https:\/\/revistazetta.com\/wp-content\/uploads\/2020\/03\/WhatsApp-Image-2020-02-29-at-1.32.42-PM.jpeg 853w\" sizes=\"auto, (max-width: 267px) 100vw, 267px\" \/><p id=\"caption-attachment-34366\" class=\"wp-caption-text\">Senadora Nadia Blel.<\/p><\/div>\n<div id=\"attachment_34370\" style=\"width: 410px\" class=\"wp-caption alignnone\"><img loading=\"lazy\" decoding=\"async\" aria-describedby=\"caption-attachment-34370\" class=\"wp-image-34370 size-medium\" src=\"https:\/\/revistazetta.com\/wp-content\/uploads\/2020\/03\/WhatsApp-Image-2020-02-29-at-7.45.48-AM-400x250.jpeg\" alt=\"\" width=\"400\" height=\"250\" srcset=\"https:\/\/revistazetta.com\/wp-content\/uploads\/2020\/03\/WhatsApp-Image-2020-02-29-at-7.45.48-AM-400x250.jpeg 400w, https:\/\/revistazetta.com\/wp-content\/uploads\/2020\/03\/WhatsApp-Image-2020-02-29-at-7.45.48-AM-1024x639.jpeg 1024w, https:\/\/revistazetta.com\/wp-content\/uploads\/2020\/03\/WhatsApp-Image-2020-02-29-at-7.45.48-AM.jpeg 1246w\" sizes=\"auto, (max-width: 400px) 100vw, 400px\" \/><p id=\"caption-attachment-34370\" class=\"wp-caption-text\">Edificante y emotiva conferencia de Chechy Baena.<\/p><\/div>\n<div id=\"attachment_34371\" style=\"width: 410px\" class=\"wp-caption alignnone\"><img loading=\"lazy\" decoding=\"async\" aria-describedby=\"caption-attachment-34371\" class=\"wp-image-34371 size-medium\" src=\"https:\/\/revistazetta.com\/wp-content\/uploads\/2020\/03\/WhatsApp-Image-2020-02-29-at-7.45.49-AM-1-400x308.jpeg\" alt=\"\" width=\"400\" height=\"308\" srcset=\"https:\/\/revistazetta.com\/wp-content\/uploads\/2020\/03\/WhatsApp-Image-2020-02-29-at-7.45.49-AM-1-400x308.jpeg 400w, https:\/\/revistazetta.com\/wp-content\/uploads\/2020\/03\/WhatsApp-Image-2020-02-29-at-7.45.49-AM-1-1024x787.jpeg 1024w, https:\/\/revistazetta.com\/wp-content\/uploads\/2020\/03\/WhatsApp-Image-2020-02-29-at-7.45.49-AM-1.jpeg 1280w\" sizes=\"auto, (max-width: 400px) 100vw, 400px\" \/><p id=\"caption-attachment-34371\" class=\"wp-caption-text\">John Zamora y Lina Rodr\u00edguez.<\/p><\/div>\n<div id=\"attachment_34372\" style=\"width: 410px\" class=\"wp-caption alignnone\"><img loading=\"lazy\" decoding=\"async\" aria-describedby=\"caption-attachment-34372\" class=\"wp-image-34372 size-medium\" src=\"https:\/\/revistazetta.com\/wp-content\/uploads\/2020\/03\/WhatsApp-Image-2020-02-29-at-7.45.49-AM-2-400x267.jpeg\" alt=\"\" width=\"400\" height=\"267\" srcset=\"https:\/\/revistazetta.com\/wp-content\/uploads\/2020\/03\/WhatsApp-Image-2020-02-29-at-7.45.49-AM-2-400x267.jpeg 400w, https:\/\/revistazetta.com\/wp-content\/uploads\/2020\/03\/WhatsApp-Image-2020-02-29-at-7.45.49-AM-2-1024x683.jpeg 1024w, https:\/\/revistazetta.com\/wp-content\/uploads\/2020\/03\/WhatsApp-Image-2020-02-29-at-7.45.49-AM-2.jpeg 1280w\" sizes=\"auto, (max-width: 400px) 100vw, 400px\" \/><p id=\"caption-attachment-34372\" class=\"wp-caption-text\">John Zamora, Fanny Guerrero, Mayra Rodr\u00edguez y Edinson Castilla.<\/p><\/div>\n<div id=\"attachment_34374\" style=\"width: 410px\" class=\"wp-caption alignnone\"><img loading=\"lazy\" decoding=\"async\" aria-describedby=\"caption-attachment-34374\" class=\"wp-image-34374 size-medium\" src=\"https:\/\/revistazetta.com\/wp-content\/uploads\/2020\/03\/WhatsApp-Image-2020-02-29-at-7.45.49-AM-4-400x267.jpeg\" alt=\"\" width=\"400\" height=\"267\" srcset=\"https:\/\/revistazetta.com\/wp-content\/uploads\/2020\/03\/WhatsApp-Image-2020-02-29-at-7.45.49-AM-4-400x267.jpeg 400w, https:\/\/revistazetta.com\/wp-content\/uploads\/2020\/03\/WhatsApp-Image-2020-02-29-at-7.45.49-AM-4-1024x683.jpeg 1024w, https:\/\/revistazetta.com\/wp-content\/uploads\/2020\/03\/WhatsApp-Image-2020-02-29-at-7.45.49-AM-4.jpeg 1280w\" sizes=\"auto, (max-width: 400px) 100vw, 400px\" \/><p id=\"caption-attachment-34374\" class=\"wp-caption-text\">Diana Mart\u00ednez Berrocal, secretaria general de la Alcald\u00eda.<\/p><\/div>\n<div id=\"attachment_34380\" style=\"width: 410px\" class=\"wp-caption alignnone\"><img loading=\"lazy\" decoding=\"async\" aria-describedby=\"caption-attachment-34380\" class=\"wp-image-34380 size-medium\" src=\"https:\/\/revistazetta.com\/wp-content\/uploads\/2020\/03\/WhatsApp-Image-2020-02-29-at-7.45.51-AM-1-400x284.jpeg\" alt=\"\" width=\"400\" height=\"284\" srcset=\"https:\/\/revistazetta.com\/wp-content\/uploads\/2020\/03\/WhatsApp-Image-2020-02-29-at-7.45.51-AM-1-400x284.jpeg 400w, https:\/\/revistazetta.com\/wp-content\/uploads\/2020\/03\/WhatsApp-Image-2020-02-29-at-7.45.51-AM-1.jpeg 982w\" sizes=\"auto, (max-width: 400px) 100vw, 400px\" \/><p id=\"caption-attachment-34380\" class=\"wp-caption-text\">Fanny Guerrero, Mayra Rodr\u00edguez y Chechy Baena.<\/p><\/div>\n<p>&nbsp;<\/p>\n<div id=\"attachment_34382\" style=\"width: 410px\" class=\"wp-caption alignnone\"><img loading=\"lazy\" decoding=\"async\" aria-describedby=\"caption-attachment-34382\" class=\"wp-image-34382 size-medium\" src=\"https:\/\/revistazetta.com\/wp-content\/uploads\/2020\/03\/WhatsApp-Image-2020-02-29-at-7.45.51-AM-400x265.jpeg\" alt=\"\" width=\"400\" height=\"265\" srcset=\"https:\/\/revistazetta.com\/wp-content\/uploads\/2020\/03\/WhatsApp-Image-2020-02-29-at-7.45.51-AM-400x265.jpeg 400w, https:\/\/revistazetta.com\/wp-content\/uploads\/2020\/03\/WhatsApp-Image-2020-02-29-at-7.45.51-AM-1024x678.jpeg 1024w, https:\/\/revistazetta.com\/wp-content\/uploads\/2020\/03\/WhatsApp-Image-2020-02-29-at-7.45.51-AM.jpeg 1280w\" sizes=\"auto, (max-width: 400px) 100vw, 400px\" \/><p id=\"caption-attachment-34382\" class=\"wp-caption-text\">John Zamora y Danilo Contreras.<\/p><\/div>\n<p>&nbsp;<\/p>\n<p>&nbsp;<\/p>\n","protected":false},"excerpt":{"rendered":"<p>En el sal\u00f3n Pierre Daguet de UNIBAC se cumpli\u00f3 la ceremonia de Homenaje a la Mujer 2020, organizada por Revista Zetta con ocasi\u00f3n de su XX aniversario. &nbsp; &nbsp; &nbsp; &nbsp; &nbsp; &nbsp;<\/p>\n","protected":false},"author":3,"featured_media":34369,"comment_status":"closed","ping_status":"closed","sticky":false,"template":"","format":"standard","meta":{"footnotes":"","_links_to":"","_links_to_target":""},"categories":[75,92],"tags":[285,299],"class_list":["post-34344","post","type-post","status-publish","format-standard","has-post-thumbnail","hentry","category-destacada","category-galeria","tag-destacada","tag-galeria"],"_links":{"self":[{"href":"https:\/\/revistazetta.com\/index.php?rest_route=\/wp\/v2\/posts\/34344","targetHints":{"allow":["GET"]}}],"collection":[{"href":"https:\/\/revistazetta.com\/index.php?rest_route=\/wp\/v2\/posts"}],"about":[{"href":"https:\/\/revistazetta.com\/index.php?rest_route=\/wp\/v2\/types\/post"}],"author":[{"embeddable":true,"href":"https:\/\/revistazetta.com\/index.php?rest_route=\/wp\/v2\/users\/3"}],"replies":[{"embeddable":true,"href":"https:\/\/revistazetta.com\/index.php?rest_route=%2Fwp%2Fv2%2Fcomments&post=34344"}],"version-history":[{"count":0,"href":"https:\/\/revistazetta.com\/index.php?rest_route=\/wp\/v2\/posts\/34344\/revisions"}],"wp:featuredmedia":[{"embeddable":true,"href":"https:\/\/revistazetta.com\/index.php?rest_route=\/wp\/v2\/media\/34369"}],"wp:attachment":[{"href":"https:\/\/revistazetta.com\/index.php?rest_route=%2Fwp%2Fv2%2Fmedia&parent=34344"}],"wp:term":[{"taxonomy":"category","embeddable":true,"href":"https:\/\/revistazetta.com\/index.php?rest_route=%2Fwp%2Fv2%2Fcategories&post=34344"},{"taxonomy":"post_tag","embeddable":true,"href":"https:\/\/revistazetta.com\/index.php?rest_route=%2Fwp%2Fv2%2Ftags&post=34344"}],"curies":[{"name":"wp","href":"https:\/\/api.w.org\/{rel}","templated":true}]}}