{"id":34441,"date":"2020-03-05T05:54:08","date_gmt":"2020-03-05T10:54:08","guid":{"rendered":"http:\/\/revistazetta.com\/?p=34441"},"modified":"2020-03-29T18:51:25","modified_gmt":"2020-03-29T23:51:25","slug":"el-plan-es-de-todas-la-agenda-distrital-en-el-mes-de-la-mujer","status":"publish","type":"post","link":"https:\/\/revistazetta.com\/?p=34441","title":{"rendered":"\u00abEl plan es de todas\u00bb, la agenda distrital en el mes de la Mujer"},"content":{"rendered":"<p>La Secretar\u00eda de Participaci\u00f3n Ciudadana y Desarrollo Social, en cabeza de la oficina Asuntos para la Mujer, y la Primera Dama, Cinthya Amador, celebrar\u00e1n el mes de la Mujer bajo el lema \u201cEl plan es de todas\u201d, con el objetivo de exaltar la lucha de las mujeres para reivindicar sus derechos.<\/p>\n<p>En el marco de esta agenda se busca asignarle a la mujer un papel protag\u00f3nico en la toma de decisiones de la ciudad. Es por ello que se aprovechar\u00e1 para transversalizar la construcci\u00f3n de la Pol\u00edtica P\u00fablica de la Mujer y la formulaci\u00f3n del Plan de Desarrollo \u201cSalvemos Juntos y Juntas a Cartagena 2020 -2023\u201d.<\/p>\n<p>\u00abEl mes de la Mujer conmemora los derechos laborales de las mujeres, los derechos que reivindican nuestras luchas a la luz de los procesos de inclusi\u00f3n social, para reconocernos como protagonistas de la historia de la ciudad\u00bb, asegur\u00f3 Carolina Le\u00f3n, directora de la oficina Asuntos para la Mujer.<\/p>\n<p>Adem\u00e1s, se realizar\u00e1n diferentes eventos para empoderar a las mujeres como: El pacto por los Derechos de las Mujeres, Concejalas por un D\u00eda, ExpoMujer 2020, Foro Cartagena una Mirada a las Mujeres, Noche de Mujeres, Conversatorio Mujeres Emprendedoras, muestras deportivas, y encuentros comunales.<\/p>\n<p>Para Carolina Le\u00f3n, la directora de la oficina Asuntos para la Mujer, \u00abes necesario dejar claro que m\u00e1s que un mes comercial, es una \u00e9poca para reflexionar y exaltar el rol fundamental que tenemos todas las mujeres. M\u00e1s all\u00e1 de un reconocimiento masculino, lo que queremos es que nosotras mismas logremos reconocernos y valorarnos, porque es a partir de esa seguridad, que logramos defender con viveza nuestros derechos\u201d.<\/p>\n<p>As\u00ed mismo, siguen abiertas las inscripciones hasta el 6 de marzo, para que todas las mujeres que quieran participar en ExpoMujer 2020 puedan hacerlo. El tr\u00e1mite lo pueden hacer en las alcald\u00edas locales con los enlaces de G\u00e9nero y la Oficina de la Mujer.<\/p>\n<p><img loading=\"lazy\" decoding=\"async\" class=\"size-medium wp-image-34442 aligncenter\" src=\"https:\/\/revistazetta.com\/wp-content\/uploads\/2020\/03\/Mes-mujer-320x400.jpeg\" alt=\"\" width=\"320\" height=\"400\" srcset=\"https:\/\/revistazetta.com\/wp-content\/uploads\/2020\/03\/Mes-mujer-320x400.jpeg 320w, https:\/\/revistazetta.com\/wp-content\/uploads\/2020\/03\/Mes-mujer-819x1024.jpeg 819w, https:\/\/revistazetta.com\/wp-content\/uploads\/2020\/03\/Mes-mujer.jpeg 1024w\" sizes=\"auto, (max-width: 320px) 100vw, 320px\" \/><\/p>\n<p><img loading=\"lazy\" decoding=\"async\" class=\"size-medium wp-image-34443 aligncenter\" src=\"https:\/\/revistazetta.com\/wp-content\/uploads\/2020\/03\/Mes-mujjer-319x400.jpeg\" alt=\"\" width=\"319\" height=\"400\" srcset=\"https:\/\/revistazetta.com\/wp-content\/uploads\/2020\/03\/Mes-mujjer-319x400.jpeg 319w, https:\/\/revistazetta.com\/wp-content\/uploads\/2020\/03\/Mes-mujjer-816x1024.jpeg 816w, https:\/\/revistazetta.com\/wp-content\/uploads\/2020\/03\/Mes-mujjer.jpeg 1020w\" sizes=\"auto, (max-width: 319px) 100vw, 319px\" \/><\/p>\n<p>&nbsp;<\/p>\n","protected":false},"excerpt":{"rendered":"<p>La Secretar\u00eda de Participaci\u00f3n Ciudadana y Desarrollo Social, en cabeza de la oficina Asuntos para la Mujer, y la Primera Dama, Cinthya Amador, celebrar\u00e1n el mes de la Mujer bajo el lema \u201cEl plan es de todas\u201d, con el objetivo de exaltar la lucha de las mujeres para reivindicar sus derechos. En el marco de esta agenda se busca asignarle a la mujer un papel protag\u00f3nico en la toma de decisiones de la ciudad. Es por ello que se aprovechar\u00e1 para transversalizar la construcci\u00f3n de la Pol\u00edtica P\u00fablica de la&#8230; <\/p>\n","protected":false},"author":3,"featured_media":34443,"comment_status":"closed","ping_status":"closed","sticky":false,"template":"","format":"standard","meta":{"footnotes":"","_links_to":"","_links_to_target":""},"categories":[75],"tags":[],"class_list":["post-34441","post","type-post","status-publish","format-standard","has-post-thumbnail","hentry","category-destacada"],"_links":{"self":[{"href":"https:\/\/revistazetta.com\/index.php?rest_route=\/wp\/v2\/posts\/34441","targetHints":{"allow":["GET"]}}],"collection":[{"href":"https:\/\/revistazetta.com\/index.php?rest_route=\/wp\/v2\/posts"}],"about":[{"href":"https:\/\/revistazetta.com\/index.php?rest_route=\/wp\/v2\/types\/post"}],"author":[{"embeddable":true,"href":"https:\/\/revistazetta.com\/index.php?rest_route=\/wp\/v2\/users\/3"}],"replies":[{"embeddable":true,"href":"https:\/\/revistazetta.com\/index.php?rest_route=%2Fwp%2Fv2%2Fcomments&post=34441"}],"version-history":[{"count":0,"href":"https:\/\/revistazetta.com\/index.php?rest_route=\/wp\/v2\/posts\/34441\/revisions"}],"wp:featuredmedia":[{"embeddable":true,"href":"https:\/\/revistazetta.com\/index.php?rest_route=\/wp\/v2\/media\/34443"}],"wp:attachment":[{"href":"https:\/\/revistazetta.com\/index.php?rest_route=%2Fwp%2Fv2%2Fmedia&parent=34441"}],"wp:term":[{"taxonomy":"category","embeddable":true,"href":"https:\/\/revistazetta.com\/index.php?rest_route=%2Fwp%2Fv2%2Fcategories&post=34441"},{"taxonomy":"post_tag","embeddable":true,"href":"https:\/\/revistazetta.com\/index.php?rest_route=%2Fwp%2Fv2%2Ftags&post=34441"}],"curies":[{"name":"wp","href":"https:\/\/api.w.org\/{rel}","templated":true}]}}