{"id":34534,"date":"2020-03-09T06:19:37","date_gmt":"2020-03-09T11:19:37","guid":{"rendered":"http:\/\/revistazetta.com\/?p=34534"},"modified":"2020-03-29T18:50:00","modified_gmt":"2020-03-29T23:50:00","slug":"dias-de-mar-de-leva-en-cartagena","status":"publish","type":"post","link":"https:\/\/revistazetta.com\/?p=34534","title":{"rendered":"D\u00edas de mar de leva en Cartagena"},"content":{"rendered":"<p>El Centro de Investigaciones Oceanogr\u00e1ficas e Hidrogr\u00e1ficas del Caribe (CIOH), da a conocer las actuales condiciones oc\u00e9ano-atmosf\u00e9ricas que se presentan en el mar Caribe.<\/p>\n<p>\u2022 M\u00e1s de una semana completa el frente fr\u00edo que atraviesa el noroeste del Caribe Colombiano, provocando vientos entre 25 y 35 nudos y olas de 2 a 3.5 metros.<\/p>\n<p>. Por la intensidad del fen\u00f3meno, se manifiesta un mar de leva, sumado a este frente fr\u00edo.<\/p>\n<p>As\u00ed lo inform\u00f3 el Capit\u00e1n de Nav\u00edo Germ\u00e1n Escobar, Director del CIOH<\/p>\n<p>\u2022 Ante el fen\u00f3meno el Centro de Investigaciones Oceanogr\u00e1ficas e Hidrogr\u00e1ficas (CIOH) permanece en constante monitoreo.<\/p>\n<p>Por este motivo se recomienda extremar las medidas de seguridad para el desarrollo de las actividades mar\u00edtimas.<\/p>\n<p>\u2022 Se invita a la ciudadan\u00eda en general a estar en contacto con el 123 de la Polic\u00eda Nacional y a consultar los reportes meteomarinos publicados diariamente en la p\u00e1gina web de la Autoridad Mar\u00edtima Colombiana (www.dimar.mil.co)<\/p>\n<p><a href=\"https:\/\/soundcloud.com\/revistazetta-com\/dias-de-mar-de-leva-en-cartagena\" target=\"_blank\" rel=\"noopener\">https:\/\/soundcloud.com\/revistazetta-com\/dias-de-mar-de-leva-en-cartagena<\/a><\/p>\n<p>&nbsp;<\/p>\n","protected":false},"excerpt":{"rendered":"<p>El Centro de Investigaciones Oceanogr\u00e1ficas e Hidrogr\u00e1ficas del Caribe (CIOH), da a conocer las actuales condiciones oc\u00e9ano-atmosf\u00e9ricas que se presentan en el mar Caribe. \u2022 M\u00e1s de una semana completa el frente fr\u00edo que atraviesa el noroeste del Caribe Colombiano, provocando vientos entre 25 y 35 nudos y olas de 2 a 3.5 metros. . Por la intensidad del fen\u00f3meno, se manifiesta un mar de leva, sumado a este frente fr\u00edo. As\u00ed lo inform\u00f3 el Capit\u00e1n de Nav\u00edo Germ\u00e1n Escobar, Director del CIOH \u2022 Ante el fen\u00f3meno el Centro de&#8230; <\/p>\n","protected":false},"author":3,"featured_media":34535,"comment_status":"closed","ping_status":"closed","sticky":false,"template":"","format":"standard","meta":{"footnotes":"","_links_to":"","_links_to_target":""},"categories":[3],"tags":[292],"class_list":["post-34534","post","type-post","status-publish","format-standard","has-post-thumbnail","hentry","category-ciudad","tag-ciudad"],"_links":{"self":[{"href":"https:\/\/revistazetta.com\/index.php?rest_route=\/wp\/v2\/posts\/34534","targetHints":{"allow":["GET"]}}],"collection":[{"href":"https:\/\/revistazetta.com\/index.php?rest_route=\/wp\/v2\/posts"}],"about":[{"href":"https:\/\/revistazetta.com\/index.php?rest_route=\/wp\/v2\/types\/post"}],"author":[{"embeddable":true,"href":"https:\/\/revistazetta.com\/index.php?rest_route=\/wp\/v2\/users\/3"}],"replies":[{"embeddable":true,"href":"https:\/\/revistazetta.com\/index.php?rest_route=%2Fwp%2Fv2%2Fcomments&post=34534"}],"version-history":[{"count":0,"href":"https:\/\/revistazetta.com\/index.php?rest_route=\/wp\/v2\/posts\/34534\/revisions"}],"wp:featuredmedia":[{"embeddable":true,"href":"https:\/\/revistazetta.com\/index.php?rest_route=\/wp\/v2\/media\/34535"}],"wp:attachment":[{"href":"https:\/\/revistazetta.com\/index.php?rest_route=%2Fwp%2Fv2%2Fmedia&parent=34534"}],"wp:term":[{"taxonomy":"category","embeddable":true,"href":"https:\/\/revistazetta.com\/index.php?rest_route=%2Fwp%2Fv2%2Fcategories&post=34534"},{"taxonomy":"post_tag","embeddable":true,"href":"https:\/\/revistazetta.com\/index.php?rest_route=%2Fwp%2Fv2%2Ftags&post=34534"}],"curies":[{"name":"wp","href":"https:\/\/api.w.org\/{rel}","templated":true}]}}