{"id":34552,"date":"2020-03-09T08:44:19","date_gmt":"2020-03-09T13:44:19","guid":{"rendered":"http:\/\/revistazetta.com\/?p=34552"},"modified":"2020-03-29T18:50:00","modified_gmt":"2020-03-29T23:50:00","slug":"ingecol-resalta-labor-de-empleados-de-la-industria-petroquimica","status":"publish","type":"post","link":"https:\/\/revistazetta.com\/?p=34552","title":{"rendered":"INGECOL resalta labor de empleados de la industria petroqu\u00edmica"},"content":{"rendered":"<p>La empresa cartagenera INGECOL resalt\u00f3 la labor de los trabajadores de la industria petroqu\u00edmica entregando reconocimiento a m\u00e1s de 30 trabajadores que han entregado la mayor parte de su vida a esta labor.<\/p>\n<p>La empresa de origen local busca reconocer este sector que forma parte trascendental de la cadena de producci\u00f3n econ\u00f3mica y genera empleo para miles de familias.<\/p>\n<p>Ambrosio Fern\u00e1ndez director general manifest\u00f3: \u00abUn d\u00eda como hoy renuevo mi convicci\u00f3n de que nuestro norte y nuestra proyecci\u00f3n es nuestra gente, gente como ustedes que han dedicado su vida al trabajo y a la producci\u00f3n nacional y local.<br \/>\nSi\u00e9ntanse orgullosos de pertenecer a esta organizaci\u00f3n, de trabajar en Cartagena y por Cartagena, ustedes son una muestra de todo lo que podemos lograr.\u00bb<\/p>\n<p>Al final los empleados manifestaron su apoyo incondicional a la industria y su compromiso por seguir trabajando con la mejor disposici\u00f3n para el progreso de sus familias, de su empresa y de Cartagena.<\/p>\n<p><img loading=\"lazy\" decoding=\"async\" class=\"alignnone size-medium wp-image-34554\" src=\"https:\/\/revistazetta.com\/wp-content\/uploads\/2020\/03\/WhatsApp-Image-2020-03-07-at-7.06.59-PM-400x267.jpeg\" alt=\"\" width=\"400\" height=\"267\" srcset=\"https:\/\/revistazetta.com\/wp-content\/uploads\/2020\/03\/WhatsApp-Image-2020-03-07-at-7.06.59-PM-400x267.jpeg 400w, https:\/\/revistazetta.com\/wp-content\/uploads\/2020\/03\/WhatsApp-Image-2020-03-07-at-7.06.59-PM-1024x682.jpeg 1024w, https:\/\/revistazetta.com\/wp-content\/uploads\/2020\/03\/WhatsApp-Image-2020-03-07-at-7.06.59-PM.jpeg 1280w\" sizes=\"auto, (max-width: 400px) 100vw, 400px\" \/><\/p>\n","protected":false},"excerpt":{"rendered":"<p>La empresa cartagenera INGECOL resalt\u00f3 la labor de los trabajadores de la industria petroqu\u00edmica entregando reconocimiento a m\u00e1s de 30 trabajadores que han entregado la mayor parte de su vida a esta labor. La empresa de origen local busca reconocer este sector que forma parte trascendental de la cadena de producci\u00f3n econ\u00f3mica y genera empleo para miles de familias. Ambrosio Fern\u00e1ndez director general manifest\u00f3: \u00abUn d\u00eda como hoy renuevo mi convicci\u00f3n de que nuestro norte y nuestra proyecci\u00f3n es nuestra gente, gente como ustedes que han dedicado su vida al&#8230; <\/p>\n","protected":false},"author":3,"featured_media":34553,"comment_status":"closed","ping_status":"closed","sticky":false,"template":"","format":"standard","meta":{"footnotes":"","_links_to":"","_links_to_target":""},"categories":[3,50],"tags":[292,306],"class_list":["post-34552","post","type-post","status-publish","format-standard","has-post-thumbnail","hentry","category-ciudad","category-empresa","tag-ciudad","tag-empresa"],"_links":{"self":[{"href":"https:\/\/revistazetta.com\/index.php?rest_route=\/wp\/v2\/posts\/34552","targetHints":{"allow":["GET"]}}],"collection":[{"href":"https:\/\/revistazetta.com\/index.php?rest_route=\/wp\/v2\/posts"}],"about":[{"href":"https:\/\/revistazetta.com\/index.php?rest_route=\/wp\/v2\/types\/post"}],"author":[{"embeddable":true,"href":"https:\/\/revistazetta.com\/index.php?rest_route=\/wp\/v2\/users\/3"}],"replies":[{"embeddable":true,"href":"https:\/\/revistazetta.com\/index.php?rest_route=%2Fwp%2Fv2%2Fcomments&post=34552"}],"version-history":[{"count":0,"href":"https:\/\/revistazetta.com\/index.php?rest_route=\/wp\/v2\/posts\/34552\/revisions"}],"wp:featuredmedia":[{"embeddable":true,"href":"https:\/\/revistazetta.com\/index.php?rest_route=\/wp\/v2\/media\/34553"}],"wp:attachment":[{"href":"https:\/\/revistazetta.com\/index.php?rest_route=%2Fwp%2Fv2%2Fmedia&parent=34552"}],"wp:term":[{"taxonomy":"category","embeddable":true,"href":"https:\/\/revistazetta.com\/index.php?rest_route=%2Fwp%2Fv2%2Fcategories&post=34552"},{"taxonomy":"post_tag","embeddable":true,"href":"https:\/\/revistazetta.com\/index.php?rest_route=%2Fwp%2Fv2%2Ftags&post=34552"}],"curies":[{"name":"wp","href":"https:\/\/api.w.org\/{rel}","templated":true}]}}