{"id":34555,"date":"2020-03-09T10:52:48","date_gmt":"2020-03-09T15:52:48","guid":{"rendered":"http:\/\/revistazetta.com\/?p=34555"},"modified":"2020-03-29T18:50:00","modified_gmt":"2020-03-29T23:50:00","slug":"civismo-y-alegria-en-lanzamiento-de-las-fiestas-de-arjona","status":"publish","type":"post","link":"https:\/\/revistazetta.com\/?p=34555","title":{"rendered":"Civismo y alegr\u00eda en lanzamiento de las Fiestas de Arjona"},"content":{"rendered":"<p>El alcalde de Arjona, Isa\u00edas Simancas, destac\u00f3 el civismo y alegr\u00eda del lanzamiento de las fiestas tradicionales en ese municipio, e invit\u00f3 a los diferentes actos que se inician desde el 12 de marzo 2020.<\/p>\n<p>El s\u00e1bado 7 de marzo se efectu\u00f3 el lanzamiento, con un desfile de comparsas por las calles principales, y presentaciones musicales.<\/p>\n<p><iframe loading=\"lazy\" src=\"https:\/\/www.youtube.com\/embed\/4nxZYLonWrM\" width=\"560\" height=\"315\" frameborder=\"0\" allowfullscreen=\"allowfullscreen\"><\/iframe><\/p>\n<p>&nbsp;<\/p>\n<p><img loading=\"lazy\" decoding=\"async\" class=\"alignnone size-medium wp-image-34557\" src=\"https:\/\/revistazetta.com\/wp-content\/uploads\/2020\/03\/Arj-lan-1-copia-250x400.jpg\" alt=\"\" width=\"250\" height=\"400\" srcset=\"https:\/\/revistazetta.com\/wp-content\/uploads\/2020\/03\/Arj-lan-1-copia-250x400.jpg 250w, https:\/\/revistazetta.com\/wp-content\/uploads\/2020\/03\/Arj-lan-1-copia.jpg 640w\" sizes=\"auto, (max-width: 250px) 100vw, 250px\" \/><\/p>\n<p><img loading=\"lazy\" decoding=\"async\" class=\"alignnone size-medium wp-image-34559\" src=\"https:\/\/revistazetta.com\/wp-content\/uploads\/2020\/03\/Arj-lan-3-copia-250x400.jpg\" alt=\"\" width=\"250\" height=\"400\" srcset=\"https:\/\/revistazetta.com\/wp-content\/uploads\/2020\/03\/Arj-lan-3-copia-250x400.jpg 250w, https:\/\/revistazetta.com\/wp-content\/uploads\/2020\/03\/Arj-lan-3-copia.jpg 640w\" sizes=\"auto, (max-width: 250px) 100vw, 250px\" \/><\/p>\n<p><img loading=\"lazy\" decoding=\"async\" class=\"alignnone size-medium wp-image-34560\" src=\"https:\/\/revistazetta.com\/wp-content\/uploads\/2020\/03\/Arj-lan-4-copia-400x250.jpg\" alt=\"\" width=\"400\" height=\"250\" srcset=\"https:\/\/revistazetta.com\/wp-content\/uploads\/2020\/03\/Arj-lan-4-copia-400x250.jpg 400w, https:\/\/revistazetta.com\/wp-content\/uploads\/2020\/03\/Arj-lan-4-copia.jpg 1024w\" sizes=\"auto, (max-width: 400px) 100vw, 400px\" \/><\/p>\n<p><img loading=\"lazy\" decoding=\"async\" class=\"alignnone size-medium wp-image-34561\" src=\"https:\/\/revistazetta.com\/wp-content\/uploads\/2020\/03\/Arj-lan-5-copia-250x400.jpg\" alt=\"\" width=\"250\" height=\"400\" srcset=\"https:\/\/revistazetta.com\/wp-content\/uploads\/2020\/03\/Arj-lan-5-copia-250x400.jpg 250w, https:\/\/revistazetta.com\/wp-content\/uploads\/2020\/03\/Arj-lan-5-copia.jpg 640w\" sizes=\"auto, (max-width: 250px) 100vw, 250px\" \/><\/p>\n<p><img loading=\"lazy\" decoding=\"async\" class=\"alignnone size-medium wp-image-34562\" src=\"https:\/\/revistazetta.com\/wp-content\/uploads\/2020\/03\/Arj-lan-6-copia-400x250.jpg\" alt=\"\" width=\"400\" height=\"250\" srcset=\"https:\/\/revistazetta.com\/wp-content\/uploads\/2020\/03\/Arj-lan-6-copia-400x250.jpg 400w, https:\/\/revistazetta.com\/wp-content\/uploads\/2020\/03\/Arj-lan-6-copia.jpg 1024w\" sizes=\"auto, (max-width: 400px) 100vw, 400px\" \/><\/p>\n<p>&nbsp;<\/p>\n","protected":false},"excerpt":{"rendered":"<p>El alcalde de Arjona, Isa\u00edas Simancas, destac\u00f3 el civismo y alegr\u00eda del lanzamiento de las fiestas tradicionales en ese municipio, e invit\u00f3 a los diferentes actos que se inician desde el 12 de marzo 2020. El s\u00e1bado 7 de marzo se efectu\u00f3 el lanzamiento, con un desfile de comparsas por las calles principales, y presentaciones musicales. &nbsp; &nbsp;<\/p>\n","protected":false},"author":3,"featured_media":34556,"comment_status":"closed","ping_status":"closed","sticky":false,"template":"","format":"standard","meta":{"footnotes":"","_links_to":"","_links_to_target":""},"categories":[83,80],"tags":[305,300],"class_list":["post-34555","post","type-post","status-publish","format-standard","has-post-thumbnail","hentry","category-municipios","category-region","tag-municipios","tag-region"],"_links":{"self":[{"href":"https:\/\/revistazetta.com\/index.php?rest_route=\/wp\/v2\/posts\/34555","targetHints":{"allow":["GET"]}}],"collection":[{"href":"https:\/\/revistazetta.com\/index.php?rest_route=\/wp\/v2\/posts"}],"about":[{"href":"https:\/\/revistazetta.com\/index.php?rest_route=\/wp\/v2\/types\/post"}],"author":[{"embeddable":true,"href":"https:\/\/revistazetta.com\/index.php?rest_route=\/wp\/v2\/users\/3"}],"replies":[{"embeddable":true,"href":"https:\/\/revistazetta.com\/index.php?rest_route=%2Fwp%2Fv2%2Fcomments&post=34555"}],"version-history":[{"count":0,"href":"https:\/\/revistazetta.com\/index.php?rest_route=\/wp\/v2\/posts\/34555\/revisions"}],"wp:featuredmedia":[{"embeddable":true,"href":"https:\/\/revistazetta.com\/index.php?rest_route=\/wp\/v2\/media\/34556"}],"wp:attachment":[{"href":"https:\/\/revistazetta.com\/index.php?rest_route=%2Fwp%2Fv2%2Fmedia&parent=34555"}],"wp:term":[{"taxonomy":"category","embeddable":true,"href":"https:\/\/revistazetta.com\/index.php?rest_route=%2Fwp%2Fv2%2Fcategories&post=34555"},{"taxonomy":"post_tag","embeddable":true,"href":"https:\/\/revistazetta.com\/index.php?rest_route=%2Fwp%2Fv2%2Ftags&post=34555"}],"curies":[{"name":"wp","href":"https:\/\/api.w.org\/{rel}","templated":true}]}}