{"id":34563,"date":"2020-03-09T17:26:56","date_gmt":"2020-03-09T22:26:56","guid":{"rendered":"http:\/\/revistazetta.com\/?p=34563"},"modified":"2020-03-29T18:50:00","modified_gmt":"2020-03-29T23:50:00","slug":"gobernacion-exalto-a-sus-funcionarias-por-el-dia-internacional-de-la-mujer","status":"publish","type":"post","link":"https:\/\/revistazetta.com\/?p=34563","title":{"rendered":"Gobernaci\u00f3n exalt\u00f3 a sus funcionarias por el D\u00eda Internacional de la Mujer"},"content":{"rendered":"<p><img loading=\"lazy\" decoding=\"async\" class=\"size-medium wp-image-34565 aligncenter\" src=\"https:\/\/revistazetta.com\/wp-content\/uploads\/2020\/03\/Mujeres-2-400x267.jpeg\" alt=\"\" width=\"400\" height=\"267\" srcset=\"https:\/\/revistazetta.com\/wp-content\/uploads\/2020\/03\/Mujeres-2-400x267.jpeg 400w, https:\/\/revistazetta.com\/wp-content\/uploads\/2020\/03\/Mujeres-2-1024x683.jpeg 1024w, https:\/\/revistazetta.com\/wp-content\/uploads\/2020\/03\/Mujeres-2.jpeg 1200w\" sizes=\"auto, (max-width: 400px) 100vw, 400px\" \/>La Gobernaci\u00f3n de Bol\u00edvar, a trav\u00e9s de su Secretar\u00eda de la Mujer en coordinaci\u00f3n con la Direcci\u00f3n de Bienestar, rindi\u00f3 un homenaje la ma\u00f1ana de este lunes a las m\u00e1s de 500 mujeres que laboran en la entidad, en el marco de la celebraci\u00f3n del D\u00eda Internacional de la Mujer.<\/p>\n<p>La jornada que integr\u00f3 y reforz\u00f3 lazos entre las funcionarias se desarroll\u00f3 en el sal\u00f3n La Paz del CAD y estuvo liderada por la Gestora Social, Natalia Eljach de Blel.<\/p>\n<p>Esta y otras actividades est\u00e1n cobijadas en la campa\u00f1a \u00abMarzo, con M de Mujer\u00bb, con la que se busca fomentar el empoderamiento de la mujer y trabajar por la reivindicaci\u00f3n y defensa de sus derechos.<\/p>\n<p><img loading=\"lazy\" decoding=\"async\" class=\"size-medium wp-image-34564 aligncenter\" src=\"https:\/\/revistazetta.com\/wp-content\/uploads\/2020\/03\/Mujeres-1-400x267.jpeg\" alt=\"\" width=\"400\" height=\"267\" srcset=\"https:\/\/revistazetta.com\/wp-content\/uploads\/2020\/03\/Mujeres-1-400x267.jpeg 400w, https:\/\/revistazetta.com\/wp-content\/uploads\/2020\/03\/Mujeres-1-1024x683.jpeg 1024w, https:\/\/revistazetta.com\/wp-content\/uploads\/2020\/03\/Mujeres-1.jpeg 1200w\" sizes=\"auto, (max-width: 400px) 100vw, 400px\" \/><\/p>\n<p>\u00abHoy le estamos haciendo un reconocimiento a las mujeres que nos acompa\u00f1an y que han venido acompa\u00f1ando a la Gobernaci\u00f3n desde hace mucho tiempo, para que ellas sepan lo valiosas que son para nosotros. Y recordarles que para este gobierno las mujeres son primero\u00bb, resalt\u00f3 la Gestora Social, Natalia Eljach.<\/p>\n<p>Advirti\u00f3, adem\u00e1s, que las mujeres del departamento no est\u00e1n solas, que en ella encontrar\u00e1n una f\u00e9rrea defensora de sus derechos.<\/p>\n<p>Para Marilyn Acosta, empleada de la Gobernaci\u00f3n, fue una ma\u00f1ana llena de alegr\u00eda y aprendizaje. \u00abAgradecida con la primera dama por este homenaje, que nos permiti\u00f3 recordar la importancia que tenemos nosotras dentro del gobierno y de la sociedad en general.<\/p>\n<p><img loading=\"lazy\" decoding=\"async\" class=\"size-medium wp-image-34566 aligncenter\" src=\"https:\/\/revistazetta.com\/wp-content\/uploads\/2020\/03\/Mujeres-3-400x267.jpeg\" alt=\"\" width=\"400\" height=\"267\" srcset=\"https:\/\/revistazetta.com\/wp-content\/uploads\/2020\/03\/Mujeres-3-400x267.jpeg 400w, https:\/\/revistazetta.com\/wp-content\/uploads\/2020\/03\/Mujeres-3-1024x683.jpeg 1024w, https:\/\/revistazetta.com\/wp-content\/uploads\/2020\/03\/Mujeres-3.jpeg 1200w\" sizes=\"auto, (max-width: 400px) 100vw, 400px\" \/><\/p>\n","protected":false},"excerpt":{"rendered":"<p>La Gobernaci\u00f3n de Bol\u00edvar, a trav\u00e9s de su Secretar\u00eda de la Mujer en coordinaci\u00f3n con la Direcci\u00f3n de Bienestar, rindi\u00f3 un homenaje la ma\u00f1ana de este lunes a las m\u00e1s de 500 mujeres que laboran en la entidad, en el marco de la celebraci\u00f3n del D\u00eda Internacional de la Mujer. La jornada que integr\u00f3 y reforz\u00f3 lazos entre las funcionarias se desarroll\u00f3 en el sal\u00f3n La Paz del CAD y estuvo liderada por la Gestora Social, Natalia Eljach de Blel. Esta y otras actividades est\u00e1n cobijadas en la campa\u00f1a \u00abMarzo,&#8230; <\/p>\n","protected":false},"author":3,"featured_media":34568,"comment_status":"closed","ping_status":"closed","sticky":false,"template":"","format":"standard","meta":{"footnotes":"","_links_to":"","_links_to_target":""},"categories":[80],"tags":[300],"class_list":["post-34563","post","type-post","status-publish","format-standard","has-post-thumbnail","hentry","category-region","tag-region"],"_links":{"self":[{"href":"https:\/\/revistazetta.com\/index.php?rest_route=\/wp\/v2\/posts\/34563","targetHints":{"allow":["GET"]}}],"collection":[{"href":"https:\/\/revistazetta.com\/index.php?rest_route=\/wp\/v2\/posts"}],"about":[{"href":"https:\/\/revistazetta.com\/index.php?rest_route=\/wp\/v2\/types\/post"}],"author":[{"embeddable":true,"href":"https:\/\/revistazetta.com\/index.php?rest_route=\/wp\/v2\/users\/3"}],"replies":[{"embeddable":true,"href":"https:\/\/revistazetta.com\/index.php?rest_route=%2Fwp%2Fv2%2Fcomments&post=34563"}],"version-history":[{"count":0,"href":"https:\/\/revistazetta.com\/index.php?rest_route=\/wp\/v2\/posts\/34563\/revisions"}],"wp:featuredmedia":[{"embeddable":true,"href":"https:\/\/revistazetta.com\/index.php?rest_route=\/wp\/v2\/media\/34568"}],"wp:attachment":[{"href":"https:\/\/revistazetta.com\/index.php?rest_route=%2Fwp%2Fv2%2Fmedia&parent=34563"}],"wp:term":[{"taxonomy":"category","embeddable":true,"href":"https:\/\/revistazetta.com\/index.php?rest_route=%2Fwp%2Fv2%2Fcategories&post=34563"},{"taxonomy":"post_tag","embeddable":true,"href":"https:\/\/revistazetta.com\/index.php?rest_route=%2Fwp%2Fv2%2Ftags&post=34563"}],"curies":[{"name":"wp","href":"https:\/\/api.w.org\/{rel}","templated":true}]}}