{"id":34569,"date":"2020-03-09T17:42:18","date_gmt":"2020-03-09T22:42:18","guid":{"rendered":"http:\/\/revistazetta.com\/?p=34569"},"modified":"2020-03-29T18:50:00","modified_gmt":"2020-03-29T23:50:00","slug":"pacto-por-la-mujer-en-magangue","status":"publish","type":"post","link":"https:\/\/revistazetta.com\/?p=34569","title":{"rendered":"Pacto por la Mujer en Magangu\u00e9"},"content":{"rendered":"<p><img loading=\"lazy\" decoding=\"async\" class=\"size-medium wp-image-34573 aligncenter\" src=\"https:\/\/revistazetta.com\/wp-content\/uploads\/2020\/03\/Mujer-mag-4-400x265.jpeg\" alt=\"\" width=\"400\" height=\"265\" srcset=\"https:\/\/revistazetta.com\/wp-content\/uploads\/2020\/03\/Mujer-mag-4-400x265.jpeg 400w, https:\/\/revistazetta.com\/wp-content\/uploads\/2020\/03\/Mujer-mag-4-1024x678.jpeg 1024w, https:\/\/revistazetta.com\/wp-content\/uploads\/2020\/03\/Mujer-mag-4.jpeg 1232w\" sizes=\"auto, (max-width: 400px) 100vw, 400px\" \/><\/p>\n<p>Emotiva result\u00f3 la celebraci\u00f3n al D\u00eda Internacional de la Mujer en Magangue, liderada por la Oficina de la Mujer y Gesti\u00f3n Social de la Alcald\u00eda, y que tuvo como escenario el Muelle Fluvial de la ciudad.<\/p>\n<p>La alegr\u00eda, el color, la inclusi\u00f3n y la uni\u00f3n entre mujeres, fueron las virtudes que durante el evento dejaron ver las participantes en cada una de las actividades realizadas, donde adem\u00e1s dejaron florecer su hermandad como mujeres.<\/p>\n<p>\u201cAqu\u00ed hay mujeres productivas, emprendedoras, mujeres que se tienen que empoderar d\u00eda a d\u00eda de los valores que tienen\u201d, fueron las palabras de la gestora social de Magangu\u00e9, Jhovanna Barrientos.<\/p>\n<p><img loading=\"lazy\" decoding=\"async\" class=\"size-medium wp-image-34572 aligncenter\" src=\"https:\/\/revistazetta.com\/wp-content\/uploads\/2020\/03\/Mujer-mag-3-400x265.jpeg\" alt=\"\" width=\"400\" height=\"265\" srcset=\"https:\/\/revistazetta.com\/wp-content\/uploads\/2020\/03\/Mujer-mag-3-400x265.jpeg 400w, https:\/\/revistazetta.com\/wp-content\/uploads\/2020\/03\/Mujer-mag-3-1024x678.jpeg 1024w, https:\/\/revistazetta.com\/wp-content\/uploads\/2020\/03\/Mujer-mag-3.jpeg 1232w\" sizes=\"auto, (max-width: 400px) 100vw, 400px\" \/><\/p>\n<p>En este ambiente, en el que se cuid\u00f3 cada detalle para hacer m\u00e1s especial a las mujeres, se expuso por parte de algunas panelistas, historias de vida enfocadas en la desigualdad que a\u00fan existe desde lo institucional, pero tambi\u00e9n los logros que se han tenido en la defensa de los derechos que las asiste.<\/p>\n<p>Ludis C\u00e1rcamo, l\u00edder social y feminista, cont\u00f3 su experiencia como v\u00edctima del conflicto armado y la manera como super\u00f3 las dificultades y logr\u00f3 crear una fundaci\u00f3n de mujeres con las que a trav\u00e9s de un proyecto de vivienda, estableci\u00f3 una comunidad en Cartagena.<\/p>\n<p>Mercedes Posada, comunicadora social, feminista y panelista maganguele\u00f1a invitada, habl\u00f3 del porqu\u00e9 el 8 de marzo se celebra el D\u00eda Internacional de la Mujer, adem\u00e1s socializ\u00f3 su entereza para luchar por la igualdad, dejando un claro mensaje sobre la valent\u00eda que deben tener las mujeres para defender sus derechos.<\/p>\n<p>Se firm\u00f3 el pacto de las mujeres cuyo lema \u00abMujer educada e informada jam\u00e1s ser\u00e1 maltratada\u00bb, en el que estas se comprometieron a aprender sobre las leyes que las defienden, modificar actitudes machistas y denunciar cualquier acto de violencia que las atente.<\/p>\n<p>Con un brindis y un velat\u00f3n por la igualdad de g\u00e9nero, se clausur\u00f3 esta conmemoraci\u00f3n liderada por la gestora social de Magangu\u00e9.<\/p>\n<p><img loading=\"lazy\" decoding=\"async\" class=\"size-medium wp-image-34571 aligncenter\" src=\"https:\/\/revistazetta.com\/wp-content\/uploads\/2020\/03\/Mujer-mag-2-400x265.jpeg\" alt=\"\" width=\"400\" height=\"265\" srcset=\"https:\/\/revistazetta.com\/wp-content\/uploads\/2020\/03\/Mujer-mag-2-400x265.jpeg 400w, https:\/\/revistazetta.com\/wp-content\/uploads\/2020\/03\/Mujer-mag-2-1024x678.jpeg 1024w, https:\/\/revistazetta.com\/wp-content\/uploads\/2020\/03\/Mujer-mag-2.jpeg 1080w\" sizes=\"auto, (max-width: 400px) 100vw, 400px\" \/><\/p>\n","protected":false},"excerpt":{"rendered":"<p>Emotiva result\u00f3 la celebraci\u00f3n al D\u00eda Internacional de la Mujer en Magangue, liderada por la Oficina de la Mujer y Gesti\u00f3n Social de la Alcald\u00eda, y que tuvo como escenario el Muelle Fluvial de la ciudad. La alegr\u00eda, el color, la inclusi\u00f3n y la uni\u00f3n entre mujeres, fueron las virtudes que durante el evento dejaron ver las participantes en cada una de las actividades realizadas, donde adem\u00e1s dejaron florecer su hermandad como mujeres. \u201cAqu\u00ed hay mujeres productivas, emprendedoras, mujeres que se tienen que empoderar d\u00eda a d\u00eda de los valores&#8230; <\/p>\n","protected":false},"author":3,"featured_media":34574,"comment_status":"closed","ping_status":"closed","sticky":false,"template":"","format":"standard","meta":{"footnotes":"","_links_to":"","_links_to_target":""},"categories":[83,80],"tags":[305,300],"class_list":["post-34569","post","type-post","status-publish","format-standard","has-post-thumbnail","hentry","category-municipios","category-region","tag-municipios","tag-region"],"_links":{"self":[{"href":"https:\/\/revistazetta.com\/index.php?rest_route=\/wp\/v2\/posts\/34569","targetHints":{"allow":["GET"]}}],"collection":[{"href":"https:\/\/revistazetta.com\/index.php?rest_route=\/wp\/v2\/posts"}],"about":[{"href":"https:\/\/revistazetta.com\/index.php?rest_route=\/wp\/v2\/types\/post"}],"author":[{"embeddable":true,"href":"https:\/\/revistazetta.com\/index.php?rest_route=\/wp\/v2\/users\/3"}],"replies":[{"embeddable":true,"href":"https:\/\/revistazetta.com\/index.php?rest_route=%2Fwp%2Fv2%2Fcomments&post=34569"}],"version-history":[{"count":0,"href":"https:\/\/revistazetta.com\/index.php?rest_route=\/wp\/v2\/posts\/34569\/revisions"}],"wp:featuredmedia":[{"embeddable":true,"href":"https:\/\/revistazetta.com\/index.php?rest_route=\/wp\/v2\/media\/34574"}],"wp:attachment":[{"href":"https:\/\/revistazetta.com\/index.php?rest_route=%2Fwp%2Fv2%2Fmedia&parent=34569"}],"wp:term":[{"taxonomy":"category","embeddable":true,"href":"https:\/\/revistazetta.com\/index.php?rest_route=%2Fwp%2Fv2%2Fcategories&post=34569"},{"taxonomy":"post_tag","embeddable":true,"href":"https:\/\/revistazetta.com\/index.php?rest_route=%2Fwp%2Fv2%2Ftags&post=34569"}],"curies":[{"name":"wp","href":"https:\/\/api.w.org\/{rel}","templated":true}]}}