{"id":34575,"date":"2020-03-09T18:10:25","date_gmt":"2020-03-09T23:10:25","guid":{"rendered":"http:\/\/revistazetta.com\/?p=34575"},"modified":"2020-03-29T18:50:00","modified_gmt":"2020-03-29T23:50:00","slug":"edificamos-bienestar-tema-de-la-xlvi-asamblea-regional-de-camacol-bolivar","status":"publish","type":"post","link":"https:\/\/revistazetta.com\/?p=34575","title":{"rendered":"\u201cEdificamos Bienestar\u201d, tema de la XLVI Asamblea Regional de Camacol Bol\u00edvar"},"content":{"rendered":"<p>En torno al tema \u201cEdificamos Bienestar\u201d, los afiliados a Camacol Bol\u00edvar realizar\u00e1n el jueves 12 de marzo su XLVI Asamblea Regional, evento que reunir\u00e1 m\u00e1s de 150 participantes, entre empresarios afiliados, profesionales, representantes del sector oficial, acad\u00e9micos e invitados especiales.<\/p>\n<p>La agenda del evento est\u00e1 dise\u00f1ada para reflexionar sobre los aportes del gremio en la calidad de vida de los ciudadanos, de acuerdo con lo dicho por Ang\u00e9lica Salas, gerente de Camacol Bol\u00edvar, quien explic\u00f3 que \u201cen el frente social, la construcci\u00f3n y acceso a la vivienda formal son la base del desarrollo urbano y el bienestar de la poblaci\u00f3n, con grandes externalidades positivas y efectos redistributivos sobre los hogares de nuestra ciudad\u201d.<\/p>\n<p>Participar\u00e1n de la XLVI Asamblea Camacol Bol\u00edvar el viceministro de Vivienda, Ciudad y Territorio, Carlos Alberto Ruiz Mart\u00ednez, quien expondr\u00e1 la pol\u00edtica de vivienda nacional y enfoque territorial; el alcalde de Cartagena de Indias, William Dau Chamat, y la presidenta ejecutiva de Camacol Nacional, Sandra Forero, en la instalaci\u00f3n de la Asamblea.<\/p>\n<p>Otro funcionario distrital que har\u00e1 parte del principal encuentro de la construcci\u00f3n es Guillermo \u00c1vila, secretario de Planeaci\u00f3n Distrital, quien presentar\u00e1 los lineamientos generales del Plan de Desarrollo, y tambi\u00e9n estar\u00e1 Andr\u00e9s Montoya, socio fundador de la firma Posse Herrera Ruiz, quien tiene una reconocida trayectoria relacionada con el derecho urbano y se referir\u00e1 al desarrollo urbano formal.<\/p>\n<p>La agenda tambi\u00e9n incluye el panel \u201cMacroproyectos de transformaci\u00f3n- Construyendo la visi\u00f3n de ciudad\u201d, con \u00e9nfasis en el potencial a futuro de ciertas iniciativas que ayudar\u00e1n a construir la visi\u00f3n de ciudad al 2050 y ser\u00e1n fundamentales para su transformaci\u00f3n urbana. La moderaci\u00f3n estar\u00e1 a cargo del director del peri\u00f3dico El Universal, Nicol\u00e1s Pareja, y los ponentes son expertos en cada uno de estos proyectos claves para Cartagena: Ciudadela Aeroportuaria de Cartagena de Indias; Traslado de la Base Naval; Propuesta Plan Integral Canales y Lagunas, y Protecci\u00f3n Costera.<\/p>\n<p>El segundo panel estar\u00e1 moderado por Rafael Sim\u00f3n del Castillo, presidente de la Junta Directiva de Camacol Bol\u00edvar, quien dialogar\u00e1 con \u00c1ngelo Bacci, director de Cardique, y Javier Mouthon, director del EPA, sobre las implicaciones que tiene para Cartagena haber superado el mill\u00f3n de habitantes.<\/p>\n<p>Al finalizar se entregar\u00e1 el Premio a la Responsabilidad Social Camacol, que reconoce las iniciativas de sus afiliados en esta materia. La XLVI Asamblea Regional de Camacol Bol\u00edvar se llevar\u00e1 a cabo el 12 de marzo de 7:30 a.m. a 12:30 p.m. en el Hotel Corales de Indias.<\/p>\n","protected":false},"excerpt":{"rendered":"<p>En torno al tema \u201cEdificamos Bienestar\u201d, los afiliados a Camacol Bol\u00edvar realizar\u00e1n el jueves 12 de marzo su XLVI Asamblea Regional, evento que reunir\u00e1 m\u00e1s de 150 participantes, entre empresarios afiliados, profesionales, representantes del sector oficial, acad\u00e9micos e invitados especiales. La agenda del evento est\u00e1 dise\u00f1ada para reflexionar sobre los aportes del gremio en la calidad de vida de los ciudadanos, de acuerdo con lo dicho por Ang\u00e9lica Salas, gerente de Camacol Bol\u00edvar, quien explic\u00f3 que \u201cen el frente social, la construcci\u00f3n y acceso a la vivienda formal son la&#8230; <\/p>\n","protected":false},"author":3,"featured_media":34576,"comment_status":"closed","ping_status":"closed","sticky":false,"template":"","format":"standard","meta":{"footnotes":"","_links_to":"","_links_to_target":""},"categories":[3,75,50],"tags":[292,285,306],"class_list":["post-34575","post","type-post","status-publish","format-standard","has-post-thumbnail","hentry","category-ciudad","category-destacada","category-empresa","tag-ciudad","tag-destacada","tag-empresa"],"_links":{"self":[{"href":"https:\/\/revistazetta.com\/index.php?rest_route=\/wp\/v2\/posts\/34575","targetHints":{"allow":["GET"]}}],"collection":[{"href":"https:\/\/revistazetta.com\/index.php?rest_route=\/wp\/v2\/posts"}],"about":[{"href":"https:\/\/revistazetta.com\/index.php?rest_route=\/wp\/v2\/types\/post"}],"author":[{"embeddable":true,"href":"https:\/\/revistazetta.com\/index.php?rest_route=\/wp\/v2\/users\/3"}],"replies":[{"embeddable":true,"href":"https:\/\/revistazetta.com\/index.php?rest_route=%2Fwp%2Fv2%2Fcomments&post=34575"}],"version-history":[{"count":0,"href":"https:\/\/revistazetta.com\/index.php?rest_route=\/wp\/v2\/posts\/34575\/revisions"}],"wp:featuredmedia":[{"embeddable":true,"href":"https:\/\/revistazetta.com\/index.php?rest_route=\/wp\/v2\/media\/34576"}],"wp:attachment":[{"href":"https:\/\/revistazetta.com\/index.php?rest_route=%2Fwp%2Fv2%2Fmedia&parent=34575"}],"wp:term":[{"taxonomy":"category","embeddable":true,"href":"https:\/\/revistazetta.com\/index.php?rest_route=%2Fwp%2Fv2%2Fcategories&post=34575"},{"taxonomy":"post_tag","embeddable":true,"href":"https:\/\/revistazetta.com\/index.php?rest_route=%2Fwp%2Fv2%2Ftags&post=34575"}],"curies":[{"name":"wp","href":"https:\/\/api.w.org\/{rel}","templated":true}]}}