{"id":34587,"date":"2020-03-10T05:57:09","date_gmt":"2020-03-10T10:57:09","guid":{"rendered":"http:\/\/revistazetta.com\/?p=34587"},"modified":"2020-03-29T18:50:00","modified_gmt":"2020-03-29T23:50:00","slug":"ciudad-del-bicentenario-celebra-10-anos-apostando-por-cartagena","status":"publish","type":"post","link":"https:\/\/revistazetta.com\/?p=34587","title":{"rendered":"Ciudad del Bicentenario celebra 10 a\u00f1os apostando por Cartagena"},"content":{"rendered":"<p>La comunidad de Ciudad del Bicentenario se reuni\u00f3 en una jornada deportiva y cultural, para celebrar los 10 a\u00f1os del Macroproyecto de Vivienda de Inter\u00e9s Social m\u00e1s grande del pa\u00eds, que ha cambiado la vida de miles de personas en Cartagena.<\/p>\n<p>Una marat\u00f3n, un desaf\u00edo que puso a prueba el conocimiento que ten\u00edan sus habitantes sobre su barrio, y una gran muestra de talento local de baile y m\u00fasica, acompa\u00f1aron todo un d\u00eda de celebraci\u00f3n y unidad comunitaria.<\/p>\n<p>\u201cEstos espacios tienen como objetivo que nos integremos y organicemos como una comunidad, que busca el desarrollo del barrio y sus habitantes. Ayer, nos reun\u00edamos para crear un Plan de Desarrollo, y hoy celebramos estos 10 a\u00f1os de Ciudad del Bicentenario con deporte y cultura, todo por el bienestar de la comunidad\u201d, se\u00f1al\u00f3 Gina Gonz\u00e1lez, l\u00edder comunitaria de Ciudad del Bicentenario.<\/p>\n<p>Fue en febrero de 2010, que llegaron las primeras familias a Ciudad del Bicentenario, Macroproyecto que fue dise\u00f1ado para darle una soluci\u00f3n al d\u00e9ficit de vivienda que ha afrontado la ciudad, y que hoy cuenta con 4.170 viviendas, 2 megacolegios, 2 Centros de Desarrollo Infantil, 1 Centro de Atenci\u00f3n Permanente, 1 Biblioteca y 1 Punto Vive Digital.<\/p>\n<p>El acompa\u00f1amiento de la Fundaci\u00f3n Mario Santo Domingo, como gerente integral a trav\u00e9s de un modelo innovador que articula el desarrollo urbano, social y econ\u00f3mico, impulsa que m\u00e1s personas puedan proveer bienestar a sus familias y hacer m\u00e1s equitativa a la regi\u00f3n Caribe y el pa\u00eds.<\/p>\n<p>Este es un trabajo que, junto con el Ministerio de Vivienda, Ciudad y Territorio, el Distrito de Cartagena y grandes aliados, busca que Ciudad del Bicentenario pueda garantizar un urbanismo que facilite la creaci\u00f3n de tejido social; el acceso a educaci\u00f3n, salud, cultura, seguridad, y deporte, al igual que el desarrollo econ\u00f3mico para el bienestar de las personas y el progreso de Cartagena.<\/p>\n","protected":false},"excerpt":{"rendered":"<p>La comunidad de Ciudad del Bicentenario se reuni\u00f3 en una jornada deportiva y cultural, para celebrar los 10 a\u00f1os del Macroproyecto de Vivienda de Inter\u00e9s Social m\u00e1s grande del pa\u00eds, que ha cambiado la vida de miles de personas en Cartagena. Una marat\u00f3n, un desaf\u00edo que puso a prueba el conocimiento que ten\u00edan sus habitantes sobre su barrio, y una gran muestra de talento local de baile y m\u00fasica, acompa\u00f1aron todo un d\u00eda de celebraci\u00f3n y unidad comunitaria. \u201cEstos espacios tienen como objetivo que nos integremos y organicemos como una&#8230; <\/p>\n","protected":false},"author":3,"featured_media":34588,"comment_status":"closed","ping_status":"closed","sticky":false,"template":"","format":"standard","meta":{"footnotes":"","_links_to":"","_links_to_target":""},"categories":[3,40],"tags":[292,312],"class_list":["post-34587","post","type-post","status-publish","format-standard","has-post-thumbnail","hentry","category-ciudad","category-tuciudad","tag-ciudad","tag-tu-ciudad"],"_links":{"self":[{"href":"https:\/\/revistazetta.com\/index.php?rest_route=\/wp\/v2\/posts\/34587","targetHints":{"allow":["GET"]}}],"collection":[{"href":"https:\/\/revistazetta.com\/index.php?rest_route=\/wp\/v2\/posts"}],"about":[{"href":"https:\/\/revistazetta.com\/index.php?rest_route=\/wp\/v2\/types\/post"}],"author":[{"embeddable":true,"href":"https:\/\/revistazetta.com\/index.php?rest_route=\/wp\/v2\/users\/3"}],"replies":[{"embeddable":true,"href":"https:\/\/revistazetta.com\/index.php?rest_route=%2Fwp%2Fv2%2Fcomments&post=34587"}],"version-history":[{"count":0,"href":"https:\/\/revistazetta.com\/index.php?rest_route=\/wp\/v2\/posts\/34587\/revisions"}],"wp:featuredmedia":[{"embeddable":true,"href":"https:\/\/revistazetta.com\/index.php?rest_route=\/wp\/v2\/media\/34588"}],"wp:attachment":[{"href":"https:\/\/revistazetta.com\/index.php?rest_route=%2Fwp%2Fv2%2Fmedia&parent=34587"}],"wp:term":[{"taxonomy":"category","embeddable":true,"href":"https:\/\/revistazetta.com\/index.php?rest_route=%2Fwp%2Fv2%2Fcategories&post=34587"},{"taxonomy":"post_tag","embeddable":true,"href":"https:\/\/revistazetta.com\/index.php?rest_route=%2Fwp%2Fv2%2Ftags&post=34587"}],"curies":[{"name":"wp","href":"https:\/\/api.w.org\/{rel}","templated":true}]}}