{"id":34603,"date":"2020-03-11T06:54:39","date_gmt":"2020-03-11T11:54:39","guid":{"rendered":"http:\/\/revistazetta.com\/?p=34603"},"modified":"2020-03-29T18:49:59","modified_gmt":"2020-03-29T23:49:59","slug":"reggaeton-y-champeta-adornaran-premios-india-catalina","status":"publish","type":"post","link":"https:\/\/revistazetta.com\/?p=34603","title":{"rendered":"Reggaet\u00f3n y Champeta adornar\u00e1n Premios India Catalina"},"content":{"rendered":"<div><em>Todo est\u00e1 listo para celebrar los \u00e9xitos de las mejores producciones nacionales de 2019 en los Premios India Catalina de la Industria Audiovisual Colombiana. Actores, directores, productores, influenciadores digitales, presentadores, as\u00ed como periodistas de diferentes medios de comunicaci\u00f3n del pa\u00eds se dar\u00e1n cita en esta gran velada de premiaci\u00f3n que se realizar\u00e1 este s\u00e1bado 14 de marzo.<\/em><\/div>\n<div><\/div>\n<div>\u00a0El Muelle principal de la Base Naval ARC &#8211; Bol\u00edvar ubicado en Bocagrande qui\u00e9n contar\u00e1 con el majestuoso Buque Gloria,\u00a0Fragata ARC Antioqu\u00eda,\u00a0ARC Golfo de Uraba, ARC Victoria como parte de la escenograf\u00eda; ser\u00e1 el puerto de gala de la ceremonia de premiaci\u00f3n que se realizar\u00e1 en el marco del aniversario 60\u00ba del Festival Internacional de Cine de Cartagena de Indias (FICCI).<\/p>\n<p>En esta ocasi\u00f3n la transmisi\u00f3n se podr\u00e1 ver en los canales p\u00fablicos Se\u00f1al Colombia, Canal Institucional, Telecaribe, Telepacifico, Teleantioquia, Canal Capital, Telecaf\u00e9, Canal TRO y dem\u00e1s canales regionales, desde la 8:00 p.m.<\/p><\/div>\n<div><\/div>\n<div>Por primera vez la presentaci\u00f3n principal de los premios estar\u00e1 a cargo de dos mujeres: Las actrices y presentadoras Maria Fernanda Y\u00e9pez y Natalia Jerez son las encargadas de conducir este embarque de la industria audiovisual.<\/p>\n<p>Dentro de los grandes atractivos musicales con los que contar\u00e1 la trig\u00e9sima sexta versi\u00f3n estar\u00e1:<\/p><\/div>\n<div><\/div>\n<ul>\n<li>El \u2018Presidente del G\u00e9nero\u2019 Mr. Black cantando sus principales \u00e9xitos,<\/li>\n<li>Greeicy Rendon y Mike Bah\u00eda quienes pondr\u00e1n a bailar a ritmo de reggaet\u00f3n a los asistentes del evento con sus principales \u00e9xitos.<\/li>\n<li>El cierre musical estar\u00e1 a cargo de Kelly Ruiz, la voz revelaci\u00f3n de la guaracha, reconocida por su canci\u00f3n Baila conmigo, canci\u00f3n disco de oro con m\u00e1s de 100 millones de reproducciones en YouTube y\u00a0 m\u00e1s de 65 millones en Spotify.<\/li>\n<\/ul>\n<div>\n<strong>Trasmisi\u00f3n en l\u00ednea con contenido exclusivo<\/strong><\/p>\n<p>Sigue la transmisi\u00f3n con contenido exclusivo y entrevistas desde el Backstage <a href=\"https:\/\/r.envios.premiosindiacatalinatv.com\/mk\/cl\/f\/SUxmL_5cqxm7az6Is989Sebk_TeboJ3QpwwNNaEda-XWGTk8QFPstA6dsSIP-mcK0u_OvT-GTI0AASq67b5iKHqxs2-tVv7qMtjQgm7NOO6VyNdBcWzuXxAhBp8RFmnGPu6jGNmYhsAcJWk2a1SpPDHsmCd3ZXPIPbzmkDZgruh1JRj2ffFHdRPDb4vt6HkVzU9usoClyPrYlcncvNs4zDDRgA\" target=\"_blank\" rel=\"noopener noreferrer\" data-saferedirecturl=\"https:\/\/www.google.com\/url?q=https:\/\/r.envios.premiosindiacatalinatv.com\/mk\/cl\/f\/SUxmL_5cqxm7az6Is989Sebk_TeboJ3QpwwNNaEda-XWGTk8QFPstA6dsSIP-mcK0u_OvT-GTI0AASq67b5iKHqxs2-tVv7qMtjQgm7NOO6VyNdBcWzuXxAhBp8RFmnGPu6jGNmYhsAcJWk2a1SpPDHsmCd3ZXPIPbzmkDZgruh1JRj2ffFHdRPDb4vt6HkVzU9usoClyPrYlcncvNs4zDDRgA&amp;source=gmail&amp;ust=1584013811639000&amp;usg=AFQjCNHRcTiy69uYUYVtkBX8KUnLVgscCw\">Hilton<\/a>\u00a0por\u00a0 el sitio web <a href=\"https:\/\/premiosindiacatalinatv.com\/\" target=\"_blank\" rel=\"noopener noreferrer\" data-saferedirecturl=\"https:\/\/www.google.com\/url?q=https:\/\/premiosindiacatalinatv.com\/&amp;source=gmail&amp;ust=1584013811639000&amp;usg=AFQjCNFaMAHntB8E9aQtQ6zgQfayRWFrBw\">https:\/\/premiosindiacatalinatv.<wbr \/>com\/<\/a> y tambi\u00e9n a trav\u00e9s de <a href=\"https:\/\/www.revistavea.com.co\/\" target=\"_blank\" rel=\"noopener noreferrer\" data-saferedirecturl=\"https:\/\/www.google.com\/url?q=https:\/\/www.revistavea.com.co\/&amp;source=gmail&amp;ust=1584013811639000&amp;usg=AFQjCNHqvPEAAu0kQcwCKJY5OdMtU_AouQ\">www.revistavea.com.co\/<\/a> <a href=\"https:\/\/www.senalcolombia.tv\/\" target=\"_blank\" rel=\"noopener noreferrer\" data-saferedirecturl=\"https:\/\/www.google.com\/url?q=https:\/\/www.senalcolombia.tv&amp;source=gmail&amp;ust=1584013811639000&amp;usg=AFQjCNHALrX7p2dPM1pIB1yh6Q73sB-biQ\">www.senalcolombia.tv<\/a> y en <a href=\"https:\/\/www.canalinstitucional.tv\/\" target=\"_blank\" rel=\"noopener noreferrer\" data-saferedirecturl=\"https:\/\/www.google.com\/url?q=https:\/\/www.canalinstitucional.tv&amp;source=gmail&amp;ust=1584013811639000&amp;usg=AFQjCNGN0mRK1p_pgVhNn_0s_Sr9IBlA1g\">www.canalinstitucional.tv<\/a>. No te pierdas el minuto a minuto por el Facebook Live de @PremiosIndiaCatalina<\/div>\n<div>\nLos detalles de la alfombra roja, el detr\u00e1s de escena y las incidencias de la transmisi\u00f3n podr\u00e1s seguirlos tambi\u00e9n en nuestra cuenta de Instagram Todos los comentarios de los ganadores y fotos por Twitter a trav\u00e9s de @indiapremiostv con la etiqueta #IndiaCatalina2020.<\/p>\n<p><strong>Votaci\u00f3n del p\u00fablico y miembros votantes de la Industria<\/strong><\/p>\n<p>Hasta el 13 de marzo a la medio d\u00eda estar\u00e1n habilitadas las votaciones en las 34 categor\u00edas en <strong><a href=\"https:\/\/www.premiosindiacatalinatv.com\/\" target=\"_blank\" rel=\"noopener noreferrer\" data-saferedirecturl=\"https:\/\/www.google.com\/url?q=https:\/\/www.premiosindiacatalinatv.com&amp;source=gmail&amp;ust=1584013811639000&amp;usg=AFQjCNEtnvGxp5MbMoONtTaQGj84wnamMw\">www.premiosindiacatalinatv.com<\/a><\/strong><\/p>\n<p>Los resultados de ganadores son auditados y vigilados por la firma <strong>JAHV Mcgregor.<\/strong><\/div>\n","protected":false},"excerpt":{"rendered":"<p>Todo est\u00e1 listo para celebrar los \u00e9xitos de las mejores producciones nacionales de 2019 en los Premios India Catalina de la Industria Audiovisual Colombiana. Actores, directores, productores, influenciadores digitales, presentadores, as\u00ed como periodistas de diferentes medios de comunicaci\u00f3n del pa\u00eds se dar\u00e1n cita en esta gran velada de premiaci\u00f3n que se realizar\u00e1 este s\u00e1bado 14 de marzo. \u00a0El Muelle principal de la Base Naval ARC &#8211; Bol\u00edvar ubicado en Bocagrande qui\u00e9n contar\u00e1 con el majestuoso Buque Gloria,\u00a0Fragata ARC Antioqu\u00eda,\u00a0ARC Golfo de Uraba, ARC Victoria como parte de la escenograf\u00eda; ser\u00e1&#8230; <\/p>\n","protected":false},"author":3,"featured_media":34604,"comment_status":"closed","ping_status":"closed","sticky":false,"template":"","format":"standard","meta":{"footnotes":"","_links_to":"","_links_to_target":""},"categories":[3,40],"tags":[292,312],"class_list":["post-34603","post","type-post","status-publish","format-standard","has-post-thumbnail","hentry","category-ciudad","category-tuciudad","tag-ciudad","tag-tu-ciudad"],"_links":{"self":[{"href":"https:\/\/revistazetta.com\/index.php?rest_route=\/wp\/v2\/posts\/34603","targetHints":{"allow":["GET"]}}],"collection":[{"href":"https:\/\/revistazetta.com\/index.php?rest_route=\/wp\/v2\/posts"}],"about":[{"href":"https:\/\/revistazetta.com\/index.php?rest_route=\/wp\/v2\/types\/post"}],"author":[{"embeddable":true,"href":"https:\/\/revistazetta.com\/index.php?rest_route=\/wp\/v2\/users\/3"}],"replies":[{"embeddable":true,"href":"https:\/\/revistazetta.com\/index.php?rest_route=%2Fwp%2Fv2%2Fcomments&post=34603"}],"version-history":[{"count":0,"href":"https:\/\/revistazetta.com\/index.php?rest_route=\/wp\/v2\/posts\/34603\/revisions"}],"wp:featuredmedia":[{"embeddable":true,"href":"https:\/\/revistazetta.com\/index.php?rest_route=\/wp\/v2\/media\/34604"}],"wp:attachment":[{"href":"https:\/\/revistazetta.com\/index.php?rest_route=%2Fwp%2Fv2%2Fmedia&parent=34603"}],"wp:term":[{"taxonomy":"category","embeddable":true,"href":"https:\/\/revistazetta.com\/index.php?rest_route=%2Fwp%2Fv2%2Fcategories&post=34603"},{"taxonomy":"post_tag","embeddable":true,"href":"https:\/\/revistazetta.com\/index.php?rest_route=%2Fwp%2Fv2%2Ftags&post=34603"}],"curies":[{"name":"wp","href":"https:\/\/api.w.org\/{rel}","templated":true}]}}