{"id":34605,"date":"2020-03-11T07:07:44","date_gmt":"2020-03-11T12:07:44","guid":{"rendered":"http:\/\/revistazetta.com\/?p=34605"},"modified":"2020-03-29T18:49:59","modified_gmt":"2020-03-29T23:49:59","slug":"confirman-casos-de-coronavirus-en-crucero-que-estuvo-en-cartagena","status":"publish","type":"post","link":"https:\/\/revistazetta.com\/?p=34605","title":{"rendered":"Confirman casos de coronavirus en crucero que estuvo en Cartagena"},"content":{"rendered":"<blockquote><p><strong>El portal www.lachiva.co public\u00f3 este informe sobre el crucero Braemar, que visit\u00f3 a Cartagena y luego lleg\u00f3 a Curazao, donde no se permiti\u00f3 desembarque.<\/strong><\/p><\/blockquote>\n<p><strong>Por:<\/strong> <em><strong>@Eve_Sofia08 y @Perdomoalaba<\/strong><\/em><\/p>\n<p class=\"has-drop-cap dropcapp3\">Luego de la nota que <strong>LaChiva.co<\/strong> realiz\u00f3 sobre un crucero de bandera bahamesa que desembarc\u00f3 en <strong>Cartagena de Indias<\/strong> el pasado domingo 8 de marzo con antecedentes de sospecha de <strong>coronavirus a bordo<\/strong>, y que este martes atrac\u00f3 en Curazao, donde las autoridades locales impidieron su desembarco hasta realizar las pruebas para descartar contagiados con el <strong>Covid-19<\/strong> <a href=\"https:\/\/lachiva.co\/cartagena\/desembarco-en-cartagena-y-por-sospecha-de-coronavirus-se-lo-impidieron-en-curazao\/\" data-wpel-link=\"internal\" target=\"_blank\" rel=\"noopener\"><strong>(Ver nota)<\/strong><\/a>, en la noche de este martes, la l\u00ednea de cruceros brit\u00e1nica que opera el <strong>Braemar<\/strong>, confirm\u00f3 a trav\u00e9s de un comunicado en su sitio web oficial que <em>\u201cun peque\u00f1o n\u00famero de personas a bordo del itinerario actual de Braemar en el \u2018Caribe Occidental y Am\u00e9rica Central\u2019 se someti\u00f3 a prueba para detectar el coronavirus\u201d<\/em>. <a href=\"https:\/\/media.fredolsencruises.com\/news\/braemars-western-caribbean-and-central-america-fly-cruise-update-10-slash-03-slash-2020-396699\" target=\"_blank\" rel=\"nofollow external noopener noreferrer\" data-wpel-link=\"external\"><strong>(Ver comunicado)<\/strong><\/a><\/p>\n<p><a href=\"https:\/\/media.fredolsencruises.com\/news\/braemars-western-caribbean-and-central-america-fly-cruise-update-10-slash-03-slash-2020-396699\" target=\"_blank\" rel=\"noopener\">https:\/\/media.fredolsencruises.com\/news\/braemars-western-caribbean-and-central-america-fly-cruise-update-10-slash-03-slash-2020-396699<\/a><\/p>\n<p>Aunque no precisa el n\u00famero de casos, el reporte emitido por el crucero alert\u00f3 que <em><strong>\u201cAlguna de esas pruebas arrojaron un resultado positivo, dando un diagn\u00f3stico de coronavirus\u201d<\/strong><\/em>. No obstante hace la salvedad que son resultados provisionales sujetos a la confirmaci\u00f3n final de un laboratorio en los Pa\u00edses Bajos. Al mediod\u00eda de este martes, la compa\u00f1\u00eda brit\u00e1nica hab\u00eda informado sobre la llegada de la embarcaci\u00f3n a <strong>Willemstad, Curazao, tras su paso por Cartagena de Indias<\/strong>, <em>\u201cPara permitir la prueba a bordo de una peque\u00f1a cantidad de casos similares a la influenza\u201d<\/em>. Se\u00f1al\u00f3 adem\u00e1s que no recibi\u00f3 las autorizaciones necesarias por parte de las autoridades portuarias de la Isla para desembarcar, y agreg\u00f3 que <em><strong>\u201cEstas pruebas de precauci\u00f3n se realizan despu\u00e9s de que dos hu\u00e9spedes que navegaron a bordo del Braemar fueron diagnosticados con Covid-19 despu\u00e9s de regresar a casa\u201d.<\/strong><\/em><\/p>\n<p>La compa\u00f1\u00eda brit\u00e1nica <a href=\"https:\/\/www.fredolsencruises.com\/\" target=\"_blank\" rel=\"nofollow external noopener noreferrer\" data-wpel-link=\"external\"><strong>Fred Olsen Cruise Line<\/strong><\/a>\u00a0contin\u00faa el reporte explicando que quienes <em><strong>\u201chayan arrojado resultados positivos permanecer\u00e1n a bordo de forma aislada y recibir\u00e1n tratamiento de nuestro equipo m\u00e9dico a bordo\u201d<\/strong><\/em>. Lo curioso es que, pese a los sucesos presentados, se confirma que el <em>\u201cBraemar contin\u00faa navegando a Barbados seg\u00fan lo planeado\u201d. <\/em><\/p>\n<p>Sigue la pregunta abierta en espera de alguna respuesta: <strong>\u00bfPor qu\u00e9 el Braemar desembarc\u00f3 en Cartagena sin ninguna novedad manifiesta? Y surge otra, \u00bfConocieron o no las autoridades distritales la \u2018Declaraci\u00f3n de Sanidad\u2019 que expide el capit\u00e1n de la embarcaci\u00f3n?<\/strong><\/p>\n<div id=\"attachment_34606\" style=\"width: 410px\" class=\"wp-caption aligncenter\"><img loading=\"lazy\" decoding=\"async\" aria-describedby=\"caption-attachment-34606\" class=\"wp-image-34606 size-medium\" src=\"https:\/\/revistazetta.com\/wp-content\/uploads\/2020\/03\/IMG-20200310-WA0011-1-400x225.jpg\" alt=\"\" width=\"400\" height=\"225\" srcset=\"https:\/\/revistazetta.com\/wp-content\/uploads\/2020\/03\/IMG-20200310-WA0011-1-400x225.jpg 400w, https:\/\/revistazetta.com\/wp-content\/uploads\/2020\/03\/IMG-20200310-WA0011-1-1024x576.jpg 1024w, https:\/\/revistazetta.com\/wp-content\/uploads\/2020\/03\/IMG-20200310-WA0011-1.jpg 1152w\" sizes=\"auto, (max-width: 400px) 100vw, 400px\" \/><p id=\"caption-attachment-34606\" class=\"wp-caption-text\">Itinerario del Braemar que lleg\u00f3 a Cartagena el domingo pasado.<\/p><\/div>\n","protected":false},"excerpt":{"rendered":"<p>El portal www.lachiva.co public\u00f3 este informe sobre el crucero Braemar, que visit\u00f3 a Cartagena y luego lleg\u00f3 a Curazao, donde no se permiti\u00f3 desembarque. Por: @Eve_Sofia08 y @Perdomoalaba Luego de la nota que LaChiva.co realiz\u00f3 sobre un crucero de bandera bahamesa que desembarc\u00f3 en Cartagena de Indias el pasado domingo 8 de marzo con antecedentes de sospecha de coronavirus a bordo, y que este martes atrac\u00f3 en Curazao, donde las autoridades locales impidieron su desembarco hasta realizar las pruebas para descartar contagiados con el Covid-19 (Ver nota), en la noche&#8230; <\/p>\n","protected":false},"author":3,"featured_media":34607,"comment_status":"closed","ping_status":"closed","sticky":false,"template":"","format":"standard","meta":{"footnotes":"","_links_to":"","_links_to_target":""},"categories":[2],"tags":[294],"class_list":["post-34605","post","type-post","status-publish","format-standard","has-post-thumbnail","hentry","category-actualidad","tag-actualidad"],"_links":{"self":[{"href":"https:\/\/revistazetta.com\/index.php?rest_route=\/wp\/v2\/posts\/34605","targetHints":{"allow":["GET"]}}],"collection":[{"href":"https:\/\/revistazetta.com\/index.php?rest_route=\/wp\/v2\/posts"}],"about":[{"href":"https:\/\/revistazetta.com\/index.php?rest_route=\/wp\/v2\/types\/post"}],"author":[{"embeddable":true,"href":"https:\/\/revistazetta.com\/index.php?rest_route=\/wp\/v2\/users\/3"}],"replies":[{"embeddable":true,"href":"https:\/\/revistazetta.com\/index.php?rest_route=%2Fwp%2Fv2%2Fcomments&post=34605"}],"version-history":[{"count":0,"href":"https:\/\/revistazetta.com\/index.php?rest_route=\/wp\/v2\/posts\/34605\/revisions"}],"wp:featuredmedia":[{"embeddable":true,"href":"https:\/\/revistazetta.com\/index.php?rest_route=\/wp\/v2\/media\/34607"}],"wp:attachment":[{"href":"https:\/\/revistazetta.com\/index.php?rest_route=%2Fwp%2Fv2%2Fmedia&parent=34605"}],"wp:term":[{"taxonomy":"category","embeddable":true,"href":"https:\/\/revistazetta.com\/index.php?rest_route=%2Fwp%2Fv2%2Fcategories&post=34605"},{"taxonomy":"post_tag","embeddable":true,"href":"https:\/\/revistazetta.com\/index.php?rest_route=%2Fwp%2Fv2%2Ftags&post=34605"}],"curies":[{"name":"wp","href":"https:\/\/api.w.org\/{rel}","templated":true}]}}