{"id":34608,"date":"2020-03-11T07:16:28","date_gmt":"2020-03-11T12:16:28","guid":{"rendered":"http:\/\/revistazetta.com\/?p=34608"},"modified":"2020-03-29T18:49:59","modified_gmt":"2020-03-29T23:49:59","slug":"alcalde-dau-recupera-terreno-invadido-en-el-cabrero","status":"publish","type":"post","link":"https:\/\/revistazetta.com\/?p=34608","title":{"rendered":"Alcalde Dau recupera terreno invadido en El Cabrero"},"content":{"rendered":"<p>Las autoridades ambientales agrupadas en ECOBLOQUE, adelantaron la diligencia de restituci\u00f3n y recuperaci\u00f3n de un terreno localizado en la laguna de El Cabrero, en el barrio Marbella.<br \/>\nEl operativo se cumpli\u00f3 desde las seis de la ma\u00f1ana, con la presencia del Alcalde de Cartagena, William Dau Chamat, y todos los organismos ambientales como El EPA Cartagena, Cardique, Polic\u00eda Nacional, Alcald\u00eda de la Localidad Hist\u00f3rica y del Caribe Norte, Cruz Roja, DADIS y Personer\u00eda.<\/p>\n<p><img loading=\"lazy\" decoding=\"async\" class=\"size-medium wp-image-34624 aligncenter\" src=\"https:\/\/revistazetta.com\/wp-content\/uploads\/2020\/03\/Dol-1-400x267.jpeg\" alt=\"\" width=\"400\" height=\"267\" srcset=\"https:\/\/revistazetta.com\/wp-content\/uploads\/2020\/03\/Dol-1-400x267.jpeg 400w, https:\/\/revistazetta.com\/wp-content\/uploads\/2020\/03\/Dol-1-1024x683.jpeg 1024w, https:\/\/revistazetta.com\/wp-content\/uploads\/2020\/03\/Dol-1.jpeg 1104w\" sizes=\"auto, (max-width: 400px) 100vw, 400px\" \/><br \/>\nEn esta acci\u00f3n gubernamental se recuperaron, por lo menos 460 metros de terrenos invadidos por particulares, habitados y cuidados por una familia. La Polic\u00eda de Infancia y Adolescencia acompa\u00f1\u00f3 el caso, teniendo en cuenta que en la vivienda improvisada se encontraban cuatro menores de edad y dos adultos, que adujeron haber sido enga\u00f1ados por los supuestos due\u00f1os del lote.<br \/>\nEl director del EPA Cartagena, Javier Mouthon, explic\u00f3: \u201cEstamos ante la presencia de un relleno ilegal, hecho con escombros que afecta, adem\u00e1s, gran parte de la Laguna de El Cabrero, y tambi\u00e9n invade el canal pluvial\u201d.<br \/>\nLa administraci\u00f3n que preside el Alcalde William Dau dio instrucciones para que en adelante todos los rellenos ilegales que se encuentran en la ciudad, sean intervenidos y en casos como este, restituidos.<br \/>\nPor otra parte, el Alcalde de la Localidad Hist\u00f3rica y del Caribe Norte,David M\u00fanera, explic\u00f3 que la decisi\u00f3n es recuperar los terrenos de baja mar, especialmente, del Ca\u00f1o Juan Angola y El Laguito, en Torices, que viene siendo usufructuado por particulares y personas inescrupulosas, como en este caso.<br \/>\nLa cuidadora del terreno, Ana Mar\u00eda Sep\u00falveda Hern\u00e1ndez, explic\u00f3 que \u00e9ste lote pertenec\u00eda a la se\u00f1ora Yomaira Rodr\u00edguez, hija de N\u00e9stor Rodr\u00edguez propietaria del hotel Costa Bella, quien en varias oportunidades sali\u00f3 como due\u00f1a de lote de la Naci\u00f3n.<br \/>\nEste panorama le da a las autoridades ambientales un diagn\u00f3stico de la situaci\u00f3n en que se encuentran las zonas de uso p\u00fablico y la urgencia de su conservaci\u00f3n y vigilancia.<\/p>\n<p><img loading=\"lazy\" decoding=\"async\" class=\"size-medium wp-image-34625 aligncenter\" src=\"https:\/\/revistazetta.com\/wp-content\/uploads\/2020\/03\/Dol-3-400x267.jpeg\" alt=\"\" width=\"400\" height=\"267\" srcset=\"https:\/\/revistazetta.com\/wp-content\/uploads\/2020\/03\/Dol-3-400x267.jpeg 400w, https:\/\/revistazetta.com\/wp-content\/uploads\/2020\/03\/Dol-3-1024x682.jpeg 1024w, https:\/\/revistazetta.com\/wp-content\/uploads\/2020\/03\/Dol-3.jpeg 1046w\" sizes=\"auto, (max-width: 400px) 100vw, 400px\" \/><\/p>\n","protected":false},"excerpt":{"rendered":"<p>Las autoridades ambientales agrupadas en ECOBLOQUE, adelantaron la diligencia de restituci\u00f3n y recuperaci\u00f3n de un terreno localizado en la laguna de El Cabrero, en el barrio Marbella. El operativo se cumpli\u00f3 desde las seis de la ma\u00f1ana, con la presencia del Alcalde de Cartagena, William Dau Chamat, y todos los organismos ambientales como El EPA Cartagena, Cardique, Polic\u00eda Nacional, Alcald\u00eda de la Localidad Hist\u00f3rica y del Caribe Norte, Cruz Roja, DADIS y Personer\u00eda. En esta acci\u00f3n gubernamental se recuperaron, por lo menos 460 metros de terrenos invadidos por particulares, habitados&#8230; <\/p>\n","protected":false},"author":3,"featured_media":34610,"comment_status":"closed","ping_status":"closed","sticky":false,"template":"","format":"standard","meta":{"footnotes":"","_links_to":"","_links_to_target":""},"categories":[32],"tags":[285,296],"class_list":["post-34608","post","type-post","status-publish","format-standard","has-post-thumbnail","hentry","category-actualidad-distrito","tag-destacada","tag-distrito"],"_links":{"self":[{"href":"https:\/\/revistazetta.com\/index.php?rest_route=\/wp\/v2\/posts\/34608","targetHints":{"allow":["GET"]}}],"collection":[{"href":"https:\/\/revistazetta.com\/index.php?rest_route=\/wp\/v2\/posts"}],"about":[{"href":"https:\/\/revistazetta.com\/index.php?rest_route=\/wp\/v2\/types\/post"}],"author":[{"embeddable":true,"href":"https:\/\/revistazetta.com\/index.php?rest_route=\/wp\/v2\/users\/3"}],"replies":[{"embeddable":true,"href":"https:\/\/revistazetta.com\/index.php?rest_route=%2Fwp%2Fv2%2Fcomments&post=34608"}],"version-history":[{"count":0,"href":"https:\/\/revistazetta.com\/index.php?rest_route=\/wp\/v2\/posts\/34608\/revisions"}],"wp:featuredmedia":[{"embeddable":true,"href":"https:\/\/revistazetta.com\/index.php?rest_route=\/wp\/v2\/media\/34610"}],"wp:attachment":[{"href":"https:\/\/revistazetta.com\/index.php?rest_route=%2Fwp%2Fv2%2Fmedia&parent=34608"}],"wp:term":[{"taxonomy":"category","embeddable":true,"href":"https:\/\/revistazetta.com\/index.php?rest_route=%2Fwp%2Fv2%2Fcategories&post=34608"},{"taxonomy":"post_tag","embeddable":true,"href":"https:\/\/revistazetta.com\/index.php?rest_route=%2Fwp%2Fv2%2Ftags&post=34608"}],"curies":[{"name":"wp","href":"https:\/\/api.w.org\/{rel}","templated":true}]}}