{"id":34611,"date":"2020-03-11T07:25:10","date_gmt":"2020-03-11T12:25:10","guid":{"rendered":"http:\/\/revistazetta.com\/?p=34611"},"modified":"2020-03-29T18:49:59","modified_gmt":"2020-03-29T23:49:59","slug":"region-de-lobas-identifica-acciones-para-el-plan-de-desarrollo-de-bolivar","status":"publish","type":"post","link":"https:\/\/revistazetta.com\/?p=34611","title":{"rendered":"Regi\u00f3n de Lobas identifica acciones para el Plan de Desarrollo de Bol\u00edvar"},"content":{"rendered":"<blockquote><p><strong>En la sexta mesa territorial para la construcci\u00f3n colectiva del Plan Desarrollo Bol\u00edvar Primero 2020-2023, participaron los municipios de Altos del Rosario, Barranco de Loba, El Pe\u00f1\u00f3n, Hatillo de Loba, Noros\u00ed, San Mart\u00edn de Loba, Regidor y R\u00edo Viejo<\/strong><\/p><\/blockquote>\n<p><img loading=\"lazy\" decoding=\"async\" class=\"size-medium wp-image-34622 aligncenter\" src=\"https:\/\/revistazetta.com\/wp-content\/uploads\/2020\/03\/Bol-4-400x267.jpeg\" alt=\"\" width=\"400\" height=\"267\" srcset=\"https:\/\/revistazetta.com\/wp-content\/uploads\/2020\/03\/Bol-4-400x267.jpeg 400w, https:\/\/revistazetta.com\/wp-content\/uploads\/2020\/03\/Bol-4-1024x682.jpeg 1024w, https:\/\/revistazetta.com\/wp-content\/uploads\/2020\/03\/Bol-4.jpeg 1280w\" sizes=\"auto, (max-width: 400px) 100vw, 400px\" \/><\/p>\n<p>El Gobernador de Bol\u00edvar, Vicente Antonio Blel Scaff escuch\u00f3 las prioridades de las comunidades que se encuentran en el Zodes Loba del territorio bolivarense.<\/p>\n<p>\u00abNos hemos comprometido en ser un gobierno competitivo y esto va de la mano con los anhelos de todos los bolivarenses, vamos a trabajar unidos, sin miedos y con el impulso que nos motiva todos los d\u00edas\u00bb, dijo el Gobernador Vicente Antonio Blel Scaff, Gobernador del Departamento.<\/p>\n<p>M\u00e1s de 300 personas participaron activamente en las distintas mesas que se desarrollaron, que adem\u00e1s cont\u00f3 con la participaci\u00f3n de los alcaldes de los municipios de Altos del Rosario, Barranco de Loba, El Pe\u00f1\u00f3n, Hatillo de Loba, Noros\u00ed, San Mart\u00edn de Loba, Regidor y R\u00edo Viejo.<\/p>\n<p>\u00abAgredecemos al se\u00f1or Gobernador por tener en cuenta el desarrollo progresivo de nuestros municipios, para que trabajemos con objetividad por las tierras lobanas, aqu\u00ed lo apoyaremos con entusiasmo y alegr\u00eda\u00bb, asegur\u00f3 Firus Aislant, alcalde de San Mart\u00edn de Loba.<\/p>\n<p>Las mesas para la construcci\u00f3n colectiva del Plan de Desarrollo Departamental &#8216;Bol\u00edvar Primero&#8217; 2020-2023 contin\u00faan a toda m\u00e1quina, con la participaci\u00f3n de m\u00e1s de 4.300 personas, recibiendo los sue\u00f1os y los anhelos de toda ciudadan\u00eda bolivarense.<\/p>\n<p><img loading=\"lazy\" decoding=\"async\" class=\"alignnone size-medium wp-image-34619\" src=\"https:\/\/revistazetta.com\/wp-content\/uploads\/2020\/03\/Bol-1-400x267.jpeg\" alt=\"\" width=\"400\" height=\"267\" srcset=\"https:\/\/revistazetta.com\/wp-content\/uploads\/2020\/03\/Bol-1-400x267.jpeg 400w, https:\/\/revistazetta.com\/wp-content\/uploads\/2020\/03\/Bol-1-1024x682.jpeg 1024w, https:\/\/revistazetta.com\/wp-content\/uploads\/2020\/03\/Bol-1.jpeg 1280w\" sizes=\"auto, (max-width: 400px) 100vw, 400px\" \/><\/p>\n<p><img loading=\"lazy\" decoding=\"async\" class=\"alignnone size-medium wp-image-34620\" src=\"https:\/\/revistazetta.com\/wp-content\/uploads\/2020\/03\/Bol-2-400x267.jpeg\" alt=\"\" width=\"400\" height=\"267\" srcset=\"https:\/\/revistazetta.com\/wp-content\/uploads\/2020\/03\/Bol-2-400x267.jpeg 400w, https:\/\/revistazetta.com\/wp-content\/uploads\/2020\/03\/Bol-2-1024x682.jpeg 1024w, https:\/\/revistazetta.com\/wp-content\/uploads\/2020\/03\/Bol-2.jpeg 1280w\" sizes=\"auto, (max-width: 400px) 100vw, 400px\" \/><\/p>\n<p><img loading=\"lazy\" decoding=\"async\" class=\"alignnone size-medium wp-image-34621\" src=\"https:\/\/revistazetta.com\/wp-content\/uploads\/2020\/03\/Bol-3-400x267.jpeg\" alt=\"\" width=\"400\" height=\"267\" srcset=\"https:\/\/revistazetta.com\/wp-content\/uploads\/2020\/03\/Bol-3-400x267.jpeg 400w, https:\/\/revistazetta.com\/wp-content\/uploads\/2020\/03\/Bol-3-1024x682.jpeg 1024w, https:\/\/revistazetta.com\/wp-content\/uploads\/2020\/03\/Bol-3.jpeg 1280w\" sizes=\"auto, (max-width: 400px) 100vw, 400px\" \/><\/p>\n<p><img loading=\"lazy\" decoding=\"async\" class=\"alignnone size-medium wp-image-34623\" src=\"https:\/\/revistazetta.com\/wp-content\/uploads\/2020\/03\/Bol-5-400x267.jpeg\" alt=\"\" width=\"400\" height=\"267\" srcset=\"https:\/\/revistazetta.com\/wp-content\/uploads\/2020\/03\/Bol-5-400x267.jpeg 400w, https:\/\/revistazetta.com\/wp-content\/uploads\/2020\/03\/Bol-5-1024x682.jpeg 1024w, https:\/\/revistazetta.com\/wp-content\/uploads\/2020\/03\/Bol-5.jpeg 1280w\" sizes=\"auto, (max-width: 400px) 100vw, 400px\" \/><\/p>\n","protected":false},"excerpt":{"rendered":"<p>En la sexta mesa territorial para la construcci\u00f3n colectiva del Plan Desarrollo Bol\u00edvar Primero 2020-2023, participaron los municipios de Altos del Rosario, Barranco de Loba, El Pe\u00f1\u00f3n, Hatillo de Loba, Noros\u00ed, San Mart\u00edn de Loba, Regidor y R\u00edo Viejo El Gobernador de Bol\u00edvar, Vicente Antonio Blel Scaff escuch\u00f3 las prioridades de las comunidades que se encuentran en el Zodes Loba del territorio bolivarense. \u00abNos hemos comprometido en ser un gobierno competitivo y esto va de la mano con los anhelos de todos los bolivarenses, vamos a trabajar unidos, sin miedos&#8230; <\/p>\n","protected":false},"author":3,"featured_media":34612,"comment_status":"closed","ping_status":"closed","sticky":false,"template":"","format":"standard","meta":{"footnotes":"","_links_to":"","_links_to_target":""},"categories":[75],"tags":[73,300],"class_list":["post-34611","post","type-post","status-publish","format-standard","has-post-thumbnail","hentry","category-destacada","tag-bolivar","tag-region"],"_links":{"self":[{"href":"https:\/\/revistazetta.com\/index.php?rest_route=\/wp\/v2\/posts\/34611","targetHints":{"allow":["GET"]}}],"collection":[{"href":"https:\/\/revistazetta.com\/index.php?rest_route=\/wp\/v2\/posts"}],"about":[{"href":"https:\/\/revistazetta.com\/index.php?rest_route=\/wp\/v2\/types\/post"}],"author":[{"embeddable":true,"href":"https:\/\/revistazetta.com\/index.php?rest_route=\/wp\/v2\/users\/3"}],"replies":[{"embeddable":true,"href":"https:\/\/revistazetta.com\/index.php?rest_route=%2Fwp%2Fv2%2Fcomments&post=34611"}],"version-history":[{"count":0,"href":"https:\/\/revistazetta.com\/index.php?rest_route=\/wp\/v2\/posts\/34611\/revisions"}],"wp:featuredmedia":[{"embeddable":true,"href":"https:\/\/revistazetta.com\/index.php?rest_route=\/wp\/v2\/media\/34612"}],"wp:attachment":[{"href":"https:\/\/revistazetta.com\/index.php?rest_route=%2Fwp%2Fv2%2Fmedia&parent=34611"}],"wp:term":[{"taxonomy":"category","embeddable":true,"href":"https:\/\/revistazetta.com\/index.php?rest_route=%2Fwp%2Fv2%2Fcategories&post=34611"},{"taxonomy":"post_tag","embeddable":true,"href":"https:\/\/revistazetta.com\/index.php?rest_route=%2Fwp%2Fv2%2Ftags&post=34611"}],"curies":[{"name":"wp","href":"https:\/\/api.w.org\/{rel}","templated":true}]}}