{"id":34642,"date":"2020-03-11T17:37:44","date_gmt":"2020-03-11T22:37:44","guid":{"rendered":"http:\/\/revistazetta.com\/?p=34642"},"modified":"2020-03-29T18:49:59","modified_gmt":"2020-03-29T23:49:59","slug":"gremios-y-corporturismo-piden-protocolos-ante-coronavirus","status":"publish","type":"post","link":"https:\/\/revistazetta.com\/?p=34642","title":{"rendered":"Gremios y Corporturismo piden protocolos ante coronavirus"},"content":{"rendered":"<div class=\"page\" title=\"Page 1\">\n<div class=\"layoutArea\">\n<div class=\"column\">\n<p>El primer caso de coronavirus en Cartagena y la declaraci\u00f3n de la OMS \u00a0del virus como pandemia hicieron que Consejo Gremial de Bol\u00edvar y Corpoturismo formularan un llamado a las autoridades sanitarias para dar cumplimiento a los protocolos de atenci\u00f3n, adecuaciones programadas en la red hospitalaria y plan de contingencia para la disminuci\u00f3n de las complicaciones derivadas del contagio, dado el gran n\u00famero de visitantes que por turismo, negocios y eventos arriba a Cartagena y Bol\u00edvar.<\/p>\n<p>Veronica Monterrosa, directora ejecutiva del CGB, manifest\u00f3 que \u201cdesde los diferentes sectores hemos insistido en la presentaci\u00f3n de los protocolos de atenci\u00f3n y realizaci\u00f3n de los simulacros para el aislamiento, establecimiento de zonas de cuarentena y presencia especial de funcionarios en aeropuertos y zonas portuarias, que atiendan a las directrices de las autoridades frente a cualquier sospecha o exposici\u00f3n de visitantes y residentes al coronavirus\u00bb.<\/p>\n<p>Agreg\u00f3 que \u00abGremios y empresarios avanzan en el establecimiento de controles, medidas para la prevenci\u00f3n y rutas de evacuaci\u00f3n acordes a las indicaciones del Ministerio de Salud; pero estos esfuerzos resultar\u00e1n insuficientes sin que se conozca el protocolo que el distrito y departamento establezcan en adecuada articulaci\u00f3n entre entidades de control y red hospitalaria local para la atenci\u00f3n de los casos.\u201d<\/p>\n<p>El Presidente Ejecutivo de Corpoturismo, Irvin P\u00e9rez insisti\u00f3 en que \u201caqu\u00ed debe prevalecer la seguridad y tranquilidad de los ciudadanos cartageneros, por lo tanto, solicitamos a las autoridades mar\u00edtimas, migratorias y sanitarias a implementar los protocolos establecidos para tomar las medidas necesarias ante cualquier sospecha medica de visitantes que pretendan ingresar por los diferentes puntos de acceso a la ciudad. La DIMAR, el DADIS y Migraci\u00f3n Colombia tienen las competencias y la autonom\u00eda requerida para ello\u00bb.<\/p>\n<p>dijo que \u00abno podemos generalizar y generar p\u00e1nico sobre las actividades comerciales y tur\u00edsticas que se realizan en la ciudad, as\u00ed como tampoco a los visitantes que recorren a diario los espacios p\u00fablicos y atractivos de Cartagena, esta ciudad vive de la econom\u00eda que producen esos visitantes por eso el reto esta en la ejecuci\u00f3n acertada de los protocolos y la implementaci\u00f3n de acciones frente a esta nueva situaci\u00f3n por parte del Distrito\u201d<\/p>\n<\/div>\n<\/div>\n<\/div>\n<div class=\"page\" title=\"Page 2\">\n<div class=\"layoutArea\">\n<div class=\"column\">\n<p>Los empresarios de la ciudad hacen un llamado para que, luego del primer caso de coronavirus en la ciudad, se establezcan las rutas de evacuaci\u00f3n acordes a las indicaciones del Ministerio de Salud y conmin\u00f3 a que no se baje la guardia en la conformaci\u00f3n de un comit\u00e9 donde empresas, gremios y centros de salud puedan, entre otros actores, apoyar a las autoridades en acciones que mitiguen los efectos que esta situaci\u00f3n tendr\u00eda en la salud y econom\u00eda de Cartagena y Bol\u00edvar.<\/p>\n<\/div>\n<\/div>\n<\/div>\n","protected":false},"excerpt":{"rendered":"<p>El primer caso de coronavirus en Cartagena y la declaraci\u00f3n de la OMS \u00a0del virus como pandemia hicieron que Consejo Gremial de Bol\u00edvar y Corpoturismo formularan un llamado a las autoridades sanitarias para dar cumplimiento a los protocolos de atenci\u00f3n, adecuaciones programadas en la red hospitalaria y plan de contingencia para la disminuci\u00f3n de las complicaciones derivadas del contagio, dado el gran n\u00famero de visitantes que por turismo, negocios y eventos arriba a Cartagena y Bol\u00edvar. Veronica Monterrosa, directora ejecutiva del CGB, manifest\u00f3 que \u201cdesde los diferentes sectores hemos insistido&#8230; <\/p>\n","protected":false},"author":3,"featured_media":34643,"comment_status":"closed","ping_status":"closed","sticky":false,"template":"","format":"standard","meta":{"footnotes":"","_links_to":"","_links_to_target":""},"categories":[3,50],"tags":[292,306],"class_list":["post-34642","post","type-post","status-publish","format-standard","has-post-thumbnail","hentry","category-ciudad","category-empresa","tag-ciudad","tag-empresa"],"_links":{"self":[{"href":"https:\/\/revistazetta.com\/index.php?rest_route=\/wp\/v2\/posts\/34642","targetHints":{"allow":["GET"]}}],"collection":[{"href":"https:\/\/revistazetta.com\/index.php?rest_route=\/wp\/v2\/posts"}],"about":[{"href":"https:\/\/revistazetta.com\/index.php?rest_route=\/wp\/v2\/types\/post"}],"author":[{"embeddable":true,"href":"https:\/\/revistazetta.com\/index.php?rest_route=\/wp\/v2\/users\/3"}],"replies":[{"embeddable":true,"href":"https:\/\/revistazetta.com\/index.php?rest_route=%2Fwp%2Fv2%2Fcomments&post=34642"}],"version-history":[{"count":0,"href":"https:\/\/revistazetta.com\/index.php?rest_route=\/wp\/v2\/posts\/34642\/revisions"}],"wp:featuredmedia":[{"embeddable":true,"href":"https:\/\/revistazetta.com\/index.php?rest_route=\/wp\/v2\/media\/34643"}],"wp:attachment":[{"href":"https:\/\/revistazetta.com\/index.php?rest_route=%2Fwp%2Fv2%2Fmedia&parent=34642"}],"wp:term":[{"taxonomy":"category","embeddable":true,"href":"https:\/\/revistazetta.com\/index.php?rest_route=%2Fwp%2Fv2%2Fcategories&post=34642"},{"taxonomy":"post_tag","embeddable":true,"href":"https:\/\/revistazetta.com\/index.php?rest_route=%2Fwp%2Fv2%2Ftags&post=34642"}],"curies":[{"name":"wp","href":"https:\/\/api.w.org\/{rel}","templated":true}]}}