{"id":3465,"date":"2014-10-23T17:35:17","date_gmt":"2014-10-23T22:35:17","guid":{"rendered":"http:\/\/www.revistazetta.com\/?p=3465"},"modified":"2014-10-23T17:35:17","modified_gmt":"2014-10-23T22:35:17","slug":"gossain-acepta-renuncias-no-nombra-reemplazos-y-reajusta-cargos","status":"publish","type":"post","link":"https:\/\/revistazetta.com\/?p=3465","title":{"rendered":"Gossa\u00edn acepta renuncias, no nombra reemplazos y reajusta cargos"},"content":{"rendered":"<div id=\"attachment_3472\" style=\"width: 197px\" class=\"wp-caption alignright\"><a href=\"https:\/\/www.revistazetta.com\/wp-content\/uploads\/2014\/10\/DUMEK-TURBAY-PAZ.jpg\"><img loading=\"lazy\" decoding=\"async\" aria-describedby=\"caption-attachment-3472\" class=\"size-medium wp-image-3472 \" alt=\"DUMEK TURBAY PAZ\" src=\"https:\/\/www.revistazetta.com\/wp-content\/uploads\/2014\/10\/DUMEK-TURBAY-PAZ-187x300.jpg\" width=\"187\" height=\"300\" srcset=\"https:\/\/revistazetta.com\/wp-content\/uploads\/2014\/10\/DUMEK-TURBAY-PAZ-187x300.jpg 187w, https:\/\/revistazetta.com\/wp-content\/uploads\/2014\/10\/DUMEK-TURBAY-PAZ.jpg 360w\" sizes=\"auto, (max-width: 187px) 100vw, 187px\" \/><\/a><p id=\"caption-attachment-3472\" class=\"wp-caption-text\">Dumek Turbay.<\/p><\/div>\n<p>Tal como lo anunci\u00f3 la Revista Zetta, el gobernador de Bol\u00edvar, Juan Carlos Gossa\u00edn, acept\u00f3 la renuncia de varios funcionarios que tienen aspiraciones pol\u00edticas, pero mantuvo el velo sobre los nombres de sus reemplazos, a la vez que reasign\u00f3 funciones a algunos colaboradores.<\/p>\n<p>\u201cA quienes nos dejan les deseo \u00e9xito y suerte en sus actividades futuras\u201d, dijo Gossa\u00edn, quien no ocult\u00f3 especial deferencia por la partida de Dumek Turbay Paz, quien fue su funcionario estrella como director de Iderbol.<\/p>\n<div id=\"attachment_3474\" style=\"width: 197px\" class=\"wp-caption alignleft\"><a href=\"https:\/\/www.revistazetta.com\/wp-content\/uploads\/2014\/10\/SECRETARIA-JURIDICA-YOLANDA-VEGA.jpg\"><img loading=\"lazy\" decoding=\"async\" aria-describedby=\"caption-attachment-3474\" class=\"size-medium wp-image-3474 \" alt=\"SECRETARIA JURIDICA- YOLANDA VEGA\" src=\"https:\/\/www.revistazetta.com\/wp-content\/uploads\/2014\/10\/SECRETARIA-JURIDICA-YOLANDA-VEGA-187x300.jpg\" width=\"187\" height=\"300\" srcset=\"https:\/\/revistazetta.com\/wp-content\/uploads\/2014\/10\/SECRETARIA-JURIDICA-YOLANDA-VEGA-187x300.jpg 187w, https:\/\/revistazetta.com\/wp-content\/uploads\/2014\/10\/SECRETARIA-JURIDICA-YOLANDA-VEGA.jpg 360w\" sizes=\"auto, (max-width: 187px) 100vw, 187px\" \/><\/a><p id=\"caption-attachment-3474\" class=\"wp-caption-text\">Yolanda Vega.<\/p><\/div>\n<p>El gobernador confirm\u00f3 las cantadas salidas de Yolanda Wong, como secretaria de Minas y directora del Fondo Territorial de Pensiones; Roxana L\u00f3pez, en la direcci\u00f3n de Ambiente; Juan Al\u00edes, asesor para asuntos comunitarios, y Herney Olaya, alto consejero para asuntos del sur.<\/p>\n<p>Con relaci\u00f3n a los funcionarios que entrar\u00e1n a ocupar los cargos, Juan Carlos Gossa\u00edn asegur\u00f3 que ma\u00f1ana dar\u00e1 a conocer qui\u00e9nes ser\u00e1n los nuevos integrantes del equipo del Bol\u00edvar Ganador.<\/p>\n<p>Gossa\u00edn tambi\u00e9n tendr\u00e1 otros cambios en su gabinete, con los cuales podr\u00e1 seguir mostrando resultados por todo el Departamento.<\/p>\n<p>As\u00ed las cosas, el mandatario bolivarense expres\u00f3 que \u00c1lvaro Redondo, adem\u00e1s de ser el Secretario de Agricultura, ser\u00e1 a partir de hoy el Jefe del Gabinete del Bol\u00edvar Ganador, que es una nueva funci\u00f3n administrativa.<\/p>\n<div style=\"width: 197px\" class=\"wp-caption alignright\"><a href=\"https:\/\/www.revistazetta.com\/wp-content\/uploads\/2014\/10\/DSC_0228.jpg\"><img loading=\"lazy\" decoding=\"async\" alt=\"DSC_0228\" src=\"https:\/\/www.revistazetta.com\/wp-content\/uploads\/2014\/10\/DSC_0228-187x300.jpg\" width=\"187\" height=\"300\" \/><\/a><p class=\"wp-caption-text\">Juan Al\u00edes.<\/p><\/div>\n<div id=\"attachment_3473\" style=\"width: 197px\" class=\"wp-caption alignright\"><a href=\"https:\/\/www.revistazetta.com\/wp-content\/uploads\/2014\/10\/SECRETARIA-DE-MINAS-DE-BOLIVAR.jpg\"><img loading=\"lazy\" decoding=\"async\" aria-describedby=\"caption-attachment-3473\" class=\"size-medium wp-image-3473 \" alt=\"SECRETARIA DE MINAS DE BOLIVAR\" src=\"https:\/\/www.revistazetta.com\/wp-content\/uploads\/2014\/10\/SECRETARIA-DE-MINAS-DE-BOLIVAR-187x300.jpg\" width=\"187\" height=\"300\" srcset=\"https:\/\/revistazetta.com\/wp-content\/uploads\/2014\/10\/SECRETARIA-DE-MINAS-DE-BOLIVAR-187x300.jpg 187w, https:\/\/revistazetta.com\/wp-content\/uploads\/2014\/10\/SECRETARIA-DE-MINAS-DE-BOLIVAR.jpg 360w\" sizes=\"auto, (max-width: 187px) 100vw, 187px\" \/><\/a><p id=\"caption-attachment-3473\" class=\"wp-caption-text\">Yolanda Wong.<\/p><\/div>\n<div id=\"attachment_3468\" style=\"width: 197px\" class=\"wp-caption alignnone\"><a href=\"https:\/\/www.revistazetta.com\/wp-content\/uploads\/2014\/10\/DSC_0223.jpg\"><img loading=\"lazy\" decoding=\"async\" aria-describedby=\"caption-attachment-3468\" class=\"size-medium wp-image-3468\" alt=\"DSC_0223\" src=\"https:\/\/www.revistazetta.com\/wp-content\/uploads\/2014\/10\/DSC_0223-187x300.jpg\" width=\"187\" height=\"300\" srcset=\"https:\/\/revistazetta.com\/wp-content\/uploads\/2014\/10\/DSC_0223-187x300.jpg 187w, https:\/\/revistazetta.com\/wp-content\/uploads\/2014\/10\/DSC_0223.jpg 360w\" sizes=\"auto, (max-width: 187px) 100vw, 187px\" \/><\/a><p id=\"caption-attachment-3468\" class=\"wp-caption-text\">Guillermo S\u00e1nchez.<\/p><\/div>\n<div id=\"attachment_3471\" style=\"width: 197px\" class=\"wp-caption alignnone\"><a href=\"https:\/\/www.revistazetta.com\/wp-content\/uploads\/2014\/10\/DSC_0231.jpg\"><img loading=\"lazy\" decoding=\"async\" aria-describedby=\"caption-attachment-3471\" class=\"size-medium wp-image-3471\" alt=\"DSC_0231\" src=\"https:\/\/www.revistazetta.com\/wp-content\/uploads\/2014\/10\/DSC_0231-187x300.jpg\" width=\"187\" height=\"300\" srcset=\"https:\/\/revistazetta.com\/wp-content\/uploads\/2014\/10\/DSC_0231-187x300.jpg 187w, https:\/\/revistazetta.com\/wp-content\/uploads\/2014\/10\/DSC_0231.jpg 360w\" sizes=\"auto, (max-width: 187px) 100vw, 187px\" \/><\/a><p id=\"caption-attachment-3471\" class=\"wp-caption-text\">Herney Olaya.<\/p><\/div>\n<p>Por otra parte, Guillermo S\u00e1nchez, quien fung\u00eda como Jefe de Control Disciplinario ser\u00e1 el nuevo Jefe de la Oficina Asesora Jur\u00eddica de la Gobernaci\u00f3n y Yolanda Vega, quien ocupaba este \u00faltimo cargo, ser\u00e1 la Directora de Gesti\u00f3n Institucional.<\/p>\n<div id=\"attachment_3469\" style=\"width: 197px\" class=\"wp-caption alignleft\"><a href=\"https:\/\/www.revistazetta.com\/wp-content\/uploads\/2014\/10\/DSC_0226.jpg\"><img loading=\"lazy\" decoding=\"async\" aria-describedby=\"caption-attachment-3469\" class=\"size-medium wp-image-3469 \" alt=\"DSC_0226\" src=\"https:\/\/www.revistazetta.com\/wp-content\/uploads\/2014\/10\/DSC_0226-187x300.jpg\" width=\"187\" height=\"300\" srcset=\"https:\/\/revistazetta.com\/wp-content\/uploads\/2014\/10\/DSC_0226-187x300.jpg 187w, https:\/\/revistazetta.com\/wp-content\/uploads\/2014\/10\/DSC_0226.jpg 360w\" sizes=\"auto, (max-width: 187px) 100vw, 187px\" \/><\/a><p id=\"caption-attachment-3469\" class=\"wp-caption-text\">Roxana L\u00f3pez<\/p><\/div>\n","protected":false},"excerpt":{"rendered":"<p>Tal como lo anunci\u00f3 la Revista Zetta, el gobernador de Bol\u00edvar, Juan Carlos Gossa\u00edn, acept\u00f3 la renuncia de varios funcionarios que tienen aspiraciones pol\u00edticas, pero mantuvo el velo sobre los nombres de sus reemplazos, a la vez que reasign\u00f3 funciones a algunos colaboradores. \u201cA quienes nos dejan les deseo \u00e9xito y suerte en sus actividades futuras\u201d, dijo Gossa\u00edn, quien no ocult\u00f3 especial deferencia por la partida de Dumek Turbay Paz, quien fue su funcionario estrella como director de Iderbol. El gobernador confirm\u00f3 las cantadas salidas de Yolanda Wong, como secretaria&#8230; <\/p>\n","protected":false},"author":3,"featured_media":3467,"comment_status":"closed","ping_status":"closed","sticky":false,"template":"","format":"standard","meta":{"footnotes":"","_links_to":"","_links_to_target":""},"categories":[26,4],"tags":[],"class_list":["post-3465","post","type-post","status-publish","format-standard","has-post-thumbnail","hentry","category-politica-noticias","category-politica"],"_links":{"self":[{"href":"https:\/\/revistazetta.com\/index.php?rest_route=\/wp\/v2\/posts\/3465","targetHints":{"allow":["GET"]}}],"collection":[{"href":"https:\/\/revistazetta.com\/index.php?rest_route=\/wp\/v2\/posts"}],"about":[{"href":"https:\/\/revistazetta.com\/index.php?rest_route=\/wp\/v2\/types\/post"}],"author":[{"embeddable":true,"href":"https:\/\/revistazetta.com\/index.php?rest_route=\/wp\/v2\/users\/3"}],"replies":[{"embeddable":true,"href":"https:\/\/revistazetta.com\/index.php?rest_route=%2Fwp%2Fv2%2Fcomments&post=3465"}],"version-history":[{"count":0,"href":"https:\/\/revistazetta.com\/index.php?rest_route=\/wp\/v2\/posts\/3465\/revisions"}],"wp:featuredmedia":[{"embeddable":true,"href":"https:\/\/revistazetta.com\/index.php?rest_route=\/wp\/v2\/media\/3467"}],"wp:attachment":[{"href":"https:\/\/revistazetta.com\/index.php?rest_route=%2Fwp%2Fv2%2Fmedia&parent=3465"}],"wp:term":[{"taxonomy":"category","embeddable":true,"href":"https:\/\/revistazetta.com\/index.php?rest_route=%2Fwp%2Fv2%2Fcategories&post=3465"},{"taxonomy":"post_tag","embeddable":true,"href":"https:\/\/revistazetta.com\/index.php?rest_route=%2Fwp%2Fv2%2Ftags&post=3465"}],"curies":[{"name":"wp","href":"https:\/\/api.w.org\/{rel}","templated":true}]}}