{"id":34682,"date":"2020-03-12T17:16:54","date_gmt":"2020-03-12T22:16:54","guid":{"rendered":"http:\/\/revistazetta.com\/?p=34682"},"modified":"2020-03-29T18:49:08","modified_gmt":"2020-03-29T23:49:08","slug":"reforma-a-la-justicia-pliegos-tipo-seguridad-y-nuevo-sistema-de-regalias-top-en-la-agenda-legislativa","status":"publish","type":"post","link":"https:\/\/revistazetta.com\/?p=34682","title":{"rendered":"Reforma a la justicia, pliegos tipo, seguridad y nuevo sistema de regal\u00edas, \u00abtop\u00bb en la agenda legislativa"},"content":{"rendered":"<p>La reforma a la justicia, la conciliaci\u00f3n de los pliegos tipo, seguridad ciudadana y la regulaci\u00f3n para la implementaci\u00f3n del nuevo Sistema General de Regal\u00edas son, entre otros, los proyectos que el Gobierno ya prioriz\u00f3 para radicar, al iniciarse las sesiones ordinarias del Congreso de la Rep\u00fablica, este lunes 16 de marzo.<\/p>\n<p>As\u00ed lo manifest\u00f3 la Ministra del Interior, Alicia Arango Olmos, luego de una reuni\u00f3n que sostuvo con los miembros de la Comisi\u00f3n Primera del Senado, donde la titular de la cartera reiter\u00f3 la firme intenci\u00f3n del Gobierno de trabajar en equipo con el Congreso para sacar adelante una agenda program\u00e1tica que impacte en el pa\u00eds.<\/p>\n<p>Al final del encuentro, la Ministra se refiri\u00f3 a la reforma electoral que prepara el Gobierno, de la cual dijo que \u201cno sabemos si viene ahora o el 20 de julio\u201d, y explic\u00f3 que en la actualidad se est\u00e1 socializando con los partidos pol\u00edticos, de tal manera que se puedan actualizar todas las pol\u00edticas electorales. \u201cEs una reforma que requiere el pa\u00eds; es muy t\u00e9cnica\u201d, dijo.<\/p>\n<p>Asegur\u00f3, adem\u00e1s, que el Gobierno tambi\u00e9n mantendr\u00e1 su trabajo en las iniciativas que ya hacen tr\u00e1mite en el Congreso, como el acto legislativo que establece la cadena perpetua para violadores y asesinos de ni\u00f1os, al que solo le resta una vuelta (cuatro debates) para ser reforma constitucional.<\/p>\n<p>Con respecto a la reforma pol\u00edtica, la Ministra Arango Olmos asegur\u00f3 que el Partido Liberal anunci\u00f3 que va a radicar esta iniciativa el 16 de marzo y que existe otra propuesta que prepara el Partido de la U.<\/p>\n<p>Por esta raz\u00f3n, la titular de la cartera dijo que espera revisar las iniciativas y, si es el caso, acumularlas en un solo proyecto para que haga tr\u00e1mite.<\/p>\n<p>Finalmente, anunci\u00f3 que el pr\u00f3ximo lunes se realizar\u00e1 una reuni\u00f3n con las bancadas del Congreso para conocer la agenda legislativa que tienen los partidos.<\/p>\n","protected":false},"excerpt":{"rendered":"<p>La reforma a la justicia, la conciliaci\u00f3n de los pliegos tipo, seguridad ciudadana y la regulaci\u00f3n para la implementaci\u00f3n del nuevo Sistema General de Regal\u00edas son, entre otros, los proyectos que el Gobierno ya prioriz\u00f3 para radicar, al iniciarse las sesiones ordinarias del Congreso de la Rep\u00fablica, este lunes 16 de marzo. As\u00ed lo manifest\u00f3 la Ministra del Interior, Alicia Arango Olmos, luego de una reuni\u00f3n que sostuvo con los miembros de la Comisi\u00f3n Primera del Senado, donde la titular de la cartera reiter\u00f3 la firme intenci\u00f3n del Gobierno de&#8230; <\/p>\n","protected":false},"author":3,"featured_media":34683,"comment_status":"closed","ping_status":"closed","sticky":false,"template":"","format":"standard","meta":{"footnotes":"","_links_to":"","_links_to_target":""},"categories":[287,4],"tags":[313,298],"class_list":["post-34682","post","type-post","status-publish","format-standard","has-post-thumbnail","hentry","category-nacional","category-politica","tag-nacional","tag-politica"],"_links":{"self":[{"href":"https:\/\/revistazetta.com\/index.php?rest_route=\/wp\/v2\/posts\/34682","targetHints":{"allow":["GET"]}}],"collection":[{"href":"https:\/\/revistazetta.com\/index.php?rest_route=\/wp\/v2\/posts"}],"about":[{"href":"https:\/\/revistazetta.com\/index.php?rest_route=\/wp\/v2\/types\/post"}],"author":[{"embeddable":true,"href":"https:\/\/revistazetta.com\/index.php?rest_route=\/wp\/v2\/users\/3"}],"replies":[{"embeddable":true,"href":"https:\/\/revistazetta.com\/index.php?rest_route=%2Fwp%2Fv2%2Fcomments&post=34682"}],"version-history":[{"count":0,"href":"https:\/\/revistazetta.com\/index.php?rest_route=\/wp\/v2\/posts\/34682\/revisions"}],"wp:featuredmedia":[{"embeddable":true,"href":"https:\/\/revistazetta.com\/index.php?rest_route=\/wp\/v2\/media\/34683"}],"wp:attachment":[{"href":"https:\/\/revistazetta.com\/index.php?rest_route=%2Fwp%2Fv2%2Fmedia&parent=34682"}],"wp:term":[{"taxonomy":"category","embeddable":true,"href":"https:\/\/revistazetta.com\/index.php?rest_route=%2Fwp%2Fv2%2Fcategories&post=34682"},{"taxonomy":"post_tag","embeddable":true,"href":"https:\/\/revistazetta.com\/index.php?rest_route=%2Fwp%2Fv2%2Ftags&post=34682"}],"curies":[{"name":"wp","href":"https:\/\/api.w.org\/{rel}","templated":true}]}}