{"id":34754,"date":"2020-03-16T16:19:28","date_gmt":"2020-03-16T21:19:28","guid":{"rendered":"http:\/\/revistazetta.com\/?p=34754"},"modified":"2020-03-29T18:49:07","modified_gmt":"2020-03-29T23:49:07","slug":"camacol-recomienda-acciones-de-prevencion-en-el-sector-contra-el-coronavirus","status":"publish","type":"post","link":"https:\/\/revistazetta.com\/?p=34754","title":{"rendered":"Camacol recomienda acciones de prevenci\u00f3n en el sector contra el coronavirus"},"content":{"rendered":"<blockquote><p><strong>La C\u00e1mara Colombiana de la Construcci\u00f3n sugiere a la cadena de valor de la construcci\u00f3n promover el uso de implementos y est\u00e1ndares de salubridad para contener la propagaci\u00f3n del virus en las obras, salas de venta y plantas de producci\u00f3n.<\/strong><\/p><\/blockquote>\n<p>La C\u00e1mara Colombiana de la Construcci\u00f3n, Camacol, emiti\u00f3 una serie de recomendaciones para las empresas y los empleados en materia de prevenci\u00f3n contra el coronavirus Covid-19.<\/p>\n<p>A trav\u00e9s de su presidenta ejecutiva, Sandra Forero Ram\u00edrez, el Gremio inst\u00f3 a sus afiliados a implementar acciones de prevenci\u00f3n para los trabajadores de la construcci\u00f3n. \u201c<em>Contener la propagaci\u00f3n del coronavirus est\u00e1 en manos de todos. Por eso debemos facilitar una serie de implementos a los trabajadores de la construcci\u00f3n como puntos de hidrataci\u00f3n, jab\u00f3n, alcohol antis\u00e9ptico, tapabocas y gel antibacterial, entre otros, que permitan mantener los est\u00e1ndares asepsia permanentemente<\/em>\u201d, explic\u00f3 la dirigente gremial.<\/p>\n<p>As\u00ed mismo, Camacol pidi\u00f3 a los empresarios promover la limpieza y desinfecci\u00f3n de espacios e implementos siguiendo las recomendaciones del Ministerio de Salud. \u201c<em>Tenemos muchas opciones para cuidar a nuestros trabajadores: hacer uso de turnos diferentes de entrada y salida de las obras para evitar grupos extensos en los proyectos y salas de ventas y reprogramar las actividades de obra para garantizar este prop\u00f3sito, de acuerdo con la evoluci\u00f3n que se vaya presentando de las medidas que adopte el Gobierno Nacional as\u00ed como las autoridades regionales y locales<\/em>\u201d, agreg\u00f3 Sandra Forero.<\/p>\n","protected":false},"excerpt":{"rendered":"<p>La C\u00e1mara Colombiana de la Construcci\u00f3n sugiere a la cadena de valor de la construcci\u00f3n promover el uso de implementos y est\u00e1ndares de salubridad para contener la propagaci\u00f3n del virus en las obras, salas de venta y plantas de producci\u00f3n. La C\u00e1mara Colombiana de la Construcci\u00f3n, Camacol, emiti\u00f3 una serie de recomendaciones para las empresas y los empleados en materia de prevenci\u00f3n contra el coronavirus Covid-19. A trav\u00e9s de su presidenta ejecutiva, Sandra Forero Ram\u00edrez, el Gremio inst\u00f3 a sus afiliados a implementar acciones de prevenci\u00f3n para los trabajadores de&#8230; <\/p>\n","protected":false},"author":3,"featured_media":0,"comment_status":"closed","ping_status":"closed","sticky":false,"template":"","format":"standard","meta":{"footnotes":"","_links_to":"","_links_to_target":""},"categories":[2],"tags":[294],"class_list":["post-34754","post","type-post","status-publish","format-standard","hentry","category-actualidad","tag-actualidad"],"_links":{"self":[{"href":"https:\/\/revistazetta.com\/index.php?rest_route=\/wp\/v2\/posts\/34754","targetHints":{"allow":["GET"]}}],"collection":[{"href":"https:\/\/revistazetta.com\/index.php?rest_route=\/wp\/v2\/posts"}],"about":[{"href":"https:\/\/revistazetta.com\/index.php?rest_route=\/wp\/v2\/types\/post"}],"author":[{"embeddable":true,"href":"https:\/\/revistazetta.com\/index.php?rest_route=\/wp\/v2\/users\/3"}],"replies":[{"embeddable":true,"href":"https:\/\/revistazetta.com\/index.php?rest_route=%2Fwp%2Fv2%2Fcomments&post=34754"}],"version-history":[{"count":0,"href":"https:\/\/revistazetta.com\/index.php?rest_route=\/wp\/v2\/posts\/34754\/revisions"}],"wp:attachment":[{"href":"https:\/\/revistazetta.com\/index.php?rest_route=%2Fwp%2Fv2%2Fmedia&parent=34754"}],"wp:term":[{"taxonomy":"category","embeddable":true,"href":"https:\/\/revistazetta.com\/index.php?rest_route=%2Fwp%2Fv2%2Fcategories&post=34754"},{"taxonomy":"post_tag","embeddable":true,"href":"https:\/\/revistazetta.com\/index.php?rest_route=%2Fwp%2Fv2%2Ftags&post=34754"}],"curies":[{"name":"wp","href":"https:\/\/api.w.org\/{rel}","templated":true}]}}