{"id":34755,"date":"2020-03-16T16:32:01","date_gmt":"2020-03-16T21:32:01","guid":{"rendered":"http:\/\/revistazetta.com\/?p=34755"},"modified":"2020-03-29T18:49:07","modified_gmt":"2020-03-29T23:49:07","slug":"cierre-preventivo-del-aviario-nacional-de-colombia","status":"publish","type":"post","link":"https:\/\/revistazetta.com\/?p=34755","title":{"rendered":"Cierre preventivo del Aviario Nacional de Colombia"},"content":{"rendered":"<p>En cumplimiento de las directrices de la emergencia sanitaria declarada por el Gobierno Nacional y la Alcald\u00eda Distrital de Cartagena, que busca contener la expansi\u00f3n del Coronavirus Covid-19, el Aviario Nacional de Colombia puso en marcha una serie de medidas preventivas que buscan proteger a sus trabajadores, las aves y visitantes.<\/p>\n<p>De acuerdo con lo anterior, a partir de este martes 17 de marzo de 2020 se realizar\u00e1 el cierre temporal de la entidad, con el fin de contribuir al bienestar de la sociedad como medida de responsabilidad social y empresarial.<\/p>\n<p>La Fundaci\u00f3n Aviario Nacional de Colombia en pro del bienestar de su colecci\u00f3n, seguir\u00e1 cumpliendo los protocolos establecidos de salud preventiva para todas las aves, continuando con la supervisi\u00f3n de las mismas y poni\u00e9ndolos al tanto a trav\u00e9s de los diferentes canales de comunicaci\u00f3n, por medio de los cuales tambi\u00e9n se anunciar\u00e1 la reapertura.<\/p>\n<p>El Aviario Nacional le recuerda a la comunidad en general la importancia de tomar medidas de prevenci\u00f3n, teniendo en cuenta que de esto tambi\u00e9n depende evitar la propagaci\u00f3n del virus.<\/p>\n<p>Los invitamos a seguir las siguientes recomendaciones:<\/p>\n<p>&#8211;\u00a0\u00a0\u00a0\u00a0\u00a0\u00a0\u00a0\u00a0\u00a0 Lavarse las manos frecuentemente con jab\u00f3n.<\/p>\n<p>&#8211;\u00a0\u00a0\u00a0\u00a0\u00a0\u00a0\u00a0\u00a0\u00a0 Evitar saludar de mano o de beso.<\/p>\n<p>&#8211;\u00a0\u00a0\u00a0\u00a0\u00a0\u00a0\u00a0\u00a0\u00a0 Toser y estornudar en la manga de la camisa o en un pa\u00f1uelo.<\/p>\n<p>&#8211;\u00a0\u00a0\u00a0\u00a0\u00a0\u00a0\u00a0\u00a0\u00a0 Realizar actividad f\u00edsica junto a h\u00e1bitos alimenticios saludables.<\/p>\n<p>&#8211;\u00a0\u00a0\u00a0\u00a0\u00a0\u00a0\u00a0\u00a0\u00a0 Usar tapabocas en caso de tener gripa.<\/p>\n<p>&#8211;\u00a0\u00a0\u00a0\u00a0\u00a0\u00a0\u00a0\u00a0\u00a0 Evitar frecuentar sitios p\u00fablicos si ha tenido s\u00edntomas de gripa y anteriormente ha estado fuera del pa\u00eds.<\/p>\n<p>&nbsp;<\/p>\n","protected":false},"excerpt":{"rendered":"<p>En cumplimiento de las directrices de la emergencia sanitaria declarada por el Gobierno Nacional y la Alcald\u00eda Distrital de Cartagena, que busca contener la expansi\u00f3n del Coronavirus Covid-19, el Aviario Nacional de Colombia puso en marcha una serie de medidas preventivas que buscan proteger a sus trabajadores, las aves y visitantes. De acuerdo con lo anterior, a partir de este martes 17 de marzo de 2020 se realizar\u00e1 el cierre temporal de la entidad, con el fin de contribuir al bienestar de la sociedad como medida de responsabilidad social y&#8230; <\/p>\n","protected":false},"author":3,"featured_media":34756,"comment_status":"closed","ping_status":"closed","sticky":false,"template":"","format":"standard","meta":{"footnotes":"","_links_to":"","_links_to_target":""},"categories":[3,50],"tags":[292,306],"class_list":["post-34755","post","type-post","status-publish","format-standard","has-post-thumbnail","hentry","category-ciudad","category-empresa","tag-ciudad","tag-empresa"],"_links":{"self":[{"href":"https:\/\/revistazetta.com\/index.php?rest_route=\/wp\/v2\/posts\/34755","targetHints":{"allow":["GET"]}}],"collection":[{"href":"https:\/\/revistazetta.com\/index.php?rest_route=\/wp\/v2\/posts"}],"about":[{"href":"https:\/\/revistazetta.com\/index.php?rest_route=\/wp\/v2\/types\/post"}],"author":[{"embeddable":true,"href":"https:\/\/revistazetta.com\/index.php?rest_route=\/wp\/v2\/users\/3"}],"replies":[{"embeddable":true,"href":"https:\/\/revistazetta.com\/index.php?rest_route=%2Fwp%2Fv2%2Fcomments&post=34755"}],"version-history":[{"count":0,"href":"https:\/\/revistazetta.com\/index.php?rest_route=\/wp\/v2\/posts\/34755\/revisions"}],"wp:featuredmedia":[{"embeddable":true,"href":"https:\/\/revistazetta.com\/index.php?rest_route=\/wp\/v2\/media\/34756"}],"wp:attachment":[{"href":"https:\/\/revistazetta.com\/index.php?rest_route=%2Fwp%2Fv2%2Fmedia&parent=34755"}],"wp:term":[{"taxonomy":"category","embeddable":true,"href":"https:\/\/revistazetta.com\/index.php?rest_route=%2Fwp%2Fv2%2Fcategories&post=34755"},{"taxonomy":"post_tag","embeddable":true,"href":"https:\/\/revistazetta.com\/index.php?rest_route=%2Fwp%2Fv2%2Ftags&post=34755"}],"curies":[{"name":"wp","href":"https:\/\/api.w.org\/{rel}","templated":true}]}}