{"id":3476,"date":"2014-10-27T12:03:01","date_gmt":"2014-10-27T17:03:01","guid":{"rendered":"http:\/\/www.revistazetta.com\/?p=3476"},"modified":"2014-10-27T20:07:07","modified_gmt":"2014-10-28T01:07:07","slug":"el-paro-judicial-o-la-ineficacia-de-la-justicia","status":"publish","type":"post","link":"https:\/\/revistazetta.com\/?p=3476","title":{"rendered":"El paro judicial o la ineficacia de la Justicia"},"content":{"rendered":"<p><span style=\"line-height: 1.5em;\">Por: MIGUEL RAAD HERN\u00c1NDEZ \/ Octubre 23 de 2014<\/span><\/p>\n<p>Un Estado sin un sistema de administraci\u00f3n de justicia eficaz, est\u00e1 en grave riesgo de no consolidarse como un Estado viable. As\u00ed ha sido desde los comienzos y la historia nos brinda ejemplos de hombres que, sin ser estadistas sino sobre todo guerreros, como Guillermo \u00abEl Conquistador\u00bb de Inglaterra quien, con gran sagacidad, entendi\u00f3 que no unificar\u00eda la Naci\u00f3n alrededor de su autoridad mientras no tuviera un sistema de justicia operante y aceptado por todos. Guillermo orden\u00f3 la recopilaci\u00f3n de todas las pr\u00e1cticas y procedimientos que utilizaban las distintas y dispersas comunidades de la Gran Breta\u00f1a, y promulg\u00f3 unas leyes que todos aceptaron y funcionaron porque estaban en la conciencia social.<\/p>\n<p>Colombia hasta hoy no ha logrado dise\u00f1ar un sistema de administraci\u00f3n de justicia eficaz y menos a\u00fan, aceptado por todos. El nuestro pas\u00f3 de ser percibido como un sistema aplicable s\u00f3lo a los de ruana, como se dec\u00eda antes, a ser un sistema politizado y salpicado por la corrupci\u00f3n. Incluso, a ser visto como un sistema que responde a est\u00edmulos perversos como las canonj\u00edas y las presiones medi\u00e1ticas que s\u00f3lo excepcional y espor\u00e1dicamente produce satisfacciones sociales con sus fallos.<\/p>\n<p>Ahora, adem\u00e1s, pareciera que los sindicatos de la justicia quisieran institucionalizar el paro anual de oto\u00f1o, que inician en el mes de octubre y lo unifican con las vacaciones colectivas del mes de Diciembre. Ya lo realizaron el a\u00f1o pasado y ahora lo est\u00e1n haciendo nuevamente con grav\u00edsimo da\u00f1o a las instituciones y a la vida social en general.<\/p>\n<p>No hay razones para el paro. En primer lugar la administraci\u00f3n de Justicia es un servicio p\u00fablico que no admite interrupciones y menos par\u00e1lisis. As\u00ed lo mandan la Constituci\u00f3n y las leyes que, precisamente, son los Jueces los llamados a aplicarlas y hacerlas cumplir. Como quien dice, se enloqueci\u00f3 el guardi\u00e1n del manicomio.<\/p>\n<p>Pero, adem\u00e1s, tampoco se justifica por reclamaciones salariales. En los \u00faltimos 20 a\u00f1os el salario de un Magistrado de las Altas Cortes pas\u00f3 de $714.665,oo en 1991, a $ 24.054.347 en el 2013. Como quien dice, en los \u00faltimos dos decenios el salario de estos magistrados se multiplic\u00f3 34 veces, mientras que el salario m\u00ednimo de un trabajador raso apenas creci\u00f3 11 veces en el mismo per\u00edodo, pasando de $51.716,oo a $ 589.500,oo el a\u00f1o pasado. Los Magistrados son privilegiados salarialmente en el sector p\u00fablico. Pero tambi\u00e9n hay buenos salarios en los otros niveles de la Administraci\u00f3n de Justicia, dentro del contexto colombiano. Un Juez del Circuito gana alrededor de\u00a0 siete millones de pesos y un Juez Municipal aproximadamente cinco millones. Un citador judicial, equivalente a un mensajero, puede ganar hasta un mill\u00f3n cuatrocientos mil pesos, que es m\u00e1s del doble de lo que gana un mensajero en cualquier empresa.<\/p>\n<p>Tampoco se justifica por el vencimiento de la vigencia de la llamada descongesti\u00f3n judicial. Este fue un procedimiento de choque adoptado para evacuar los miles de casos represados en juzgados y tribunales. Desde su adopci\u00f3n se defini\u00f3 que ser\u00eda pro- tempore, esto es, por un plazo calculado para la evacuaci\u00f3n. Fue un gran esfuerzo presupuestal del Estado, pues se nombraron aproximadamente 18.000 funcionarios, entre Magistrados, jueces y empleados subalternos, que deb\u00edan ser una especie de brigadas de carga ligera para desocupar los anaqueles de los juzgados y dejar sin recarga a los jueces y magistrados en propiedad. Sin embargo, tampoco funcion\u00f3, pues no hubo mayor mejor\u00eda en los tiempos de respuesta de la administraci\u00f3n de justicia y la demora en las decisiones tambi\u00e9n contagi\u00f3 a la nueva burocracia nombrada.<\/p>\n<p>Los funcionarios judiciales debieran saber que la Justicia es un bien esencial para una sociedad, pues garantiza la convivencia social. Ella no pueden manejarla alebrestados dirigentes sindicales a base de arengas, manifestaciones y estridencias de meg\u00e1fonos. Menos cuando sus reclamos parecen buscar la entronizaci\u00f3n de una mega-burocracia ineficiente, improductiva y par\u00e1sita. Digo m\u00e1s. La justicia es demasiado importante para dejar sus problemas s\u00f3lo al criterio de los Funcionarios Judiciales. Es toda la sociedad perjudicada la que debe intervenir y proponer salidas a la crisis en este sector. Ya contamos con estudios y recomendaciones serias y con experiencias exitosas de otros pa\u00edses que debi\u00e9ramos mirar. Los paros y la burocratizaci\u00f3n no son la salida.<\/p>\n","protected":false},"excerpt":{"rendered":"<p>Por: MIGUEL RAAD HERN\u00c1NDEZ \/ Octubre 23 de 2014 Un Estado sin un sistema de administraci\u00f3n de justicia eficaz, est\u00e1 en grave riesgo de no consolidarse como un Estado viable. As\u00ed ha sido desde los comienzos y la historia nos brinda ejemplos de hombres que, sin ser estadistas sino sobre todo guerreros, como Guillermo \u00abEl Conquistador\u00bb de Inglaterra quien, con gran sagacidad, entendi\u00f3 que no unificar\u00eda la Naci\u00f3n alrededor de su autoridad mientras no tuviera un sistema de justicia operante y aceptado por todos. Guillermo orden\u00f3 la recopilaci\u00f3n de todas&#8230; <\/p>\n","protected":false},"author":4,"featured_media":3478,"comment_status":"closed","ping_status":"closed","sticky":false,"template":"","format":"standard","meta":{"footnotes":"","_links_to":"","_links_to_target":""},"categories":[44,65],"tags":[],"class_list":["post-3476","post","type-post","status-publish","format-standard","has-post-thumbnail","hentry","category-materiagris","category-opinion"],"_links":{"self":[{"href":"https:\/\/revistazetta.com\/index.php?rest_route=\/wp\/v2\/posts\/3476","targetHints":{"allow":["GET"]}}],"collection":[{"href":"https:\/\/revistazetta.com\/index.php?rest_route=\/wp\/v2\/posts"}],"about":[{"href":"https:\/\/revistazetta.com\/index.php?rest_route=\/wp\/v2\/types\/post"}],"author":[{"embeddable":true,"href":"https:\/\/revistazetta.com\/index.php?rest_route=\/wp\/v2\/users\/4"}],"replies":[{"embeddable":true,"href":"https:\/\/revistazetta.com\/index.php?rest_route=%2Fwp%2Fv2%2Fcomments&post=3476"}],"version-history":[{"count":0,"href":"https:\/\/revistazetta.com\/index.php?rest_route=\/wp\/v2\/posts\/3476\/revisions"}],"wp:featuredmedia":[{"embeddable":true,"href":"https:\/\/revistazetta.com\/index.php?rest_route=\/wp\/v2\/media\/3478"}],"wp:attachment":[{"href":"https:\/\/revistazetta.com\/index.php?rest_route=%2Fwp%2Fv2%2Fmedia&parent=3476"}],"wp:term":[{"taxonomy":"category","embeddable":true,"href":"https:\/\/revistazetta.com\/index.php?rest_route=%2Fwp%2Fv2%2Fcategories&post=3476"},{"taxonomy":"post_tag","embeddable":true,"href":"https:\/\/revistazetta.com\/index.php?rest_route=%2Fwp%2Fv2%2Ftags&post=3476"}],"curies":[{"name":"wp","href":"https:\/\/api.w.org\/{rel}","templated":true}]}}