{"id":3484,"date":"2014-10-27T20:01:10","date_gmt":"2014-10-28T01:01:10","guid":{"rendered":"http:\/\/www.revistazetta.com\/?p=3484"},"modified":"2014-10-27T20:04:22","modified_gmt":"2014-10-28T01:04:22","slug":"los-diputados-que-buscaran-reeleccion-y-los-que-no","status":"publish","type":"post","link":"https:\/\/revistazetta.com\/?p=3484","title":{"rendered":"Diputados reelecci\u00f3n: si o no"},"content":{"rendered":"<p><span style=\"line-height: 1.5em;\">Los diputados de la Asamblea Departamental tienen muy claro su futuro electoral: ocho volver\u00e1n a presentarse para su reelecci\u00f3n; dos podr\u00edan buscar una Alcald\u00eda municipal y cuatro no aspirar\u00e1n.<\/span><\/p>\n<p>Los que con toda seguridad pretenden renovar su curul en la Asamblea Departamental son Jorge Rodr\u00edguez Sosa, actual presidente, y Luis Padilla Sierra, del partido de la U; Orieta V\u00e1squez, de Opci\u00f3n Ciudadana; V\u00edctor Mendoza y Jos\u00e9 Utria, de Cambio Radical; Andr\u00e9s Montes y Miguel Cu\u00e9ter, del partido Conservador, y Jos\u00e9 F\u00e9lix Turbay, del partido Liberal.<\/p>\n<p>Hay dos diputados que adelantan un proceso de definici\u00f3n pol\u00edtica y que les podr\u00eda deparar una aspiraci\u00f3n a Alcald\u00eda o tomar la senda de la reelecci\u00f3n: Sigifredo Tapia (CR) para Arjona, y Norbey Torres para Cantagallo. En su momento anunciar\u00e1n su decisi\u00f3n.<\/p>\n<p>Los que no presentar\u00e1n su nombre son Carlos F\u00e9liz (U); Rosa Emilia L\u00f3pez Romero (Opci\u00f3n Ciudadana); Andr\u00e9s Ricaurte (Liberal) y Colombia Adu\u00e9n (U).<\/p>\n<p>El caso de Carlos F\u00e9liz se explica en raz\u00f3n de la continuidad de su hermano Mario F\u00e9liz Monsalve como contralor distrital de Cartagena, lo que le genera una inhabilidad para aspirar a cualquier cargo por elecci\u00f3n popular.<\/p>\n<p>En cuanto a Andr\u00e9s Ricaurte Armesto, ser\u00e1 la despedida para el decano de los diputados, pues tiene m\u00e1s de 25 a\u00f1os de representar al sur de Bol\u00edvar en la Asamblea Departamental. Siempre ha estado en el partido Liberal, en alianza con las casas pol\u00edticas del Departamento. Su hijo Frank Ricaurte, quien ha aspirado a la C\u00e1mara y conoce todo el andamiaje de este grupo pol\u00edtico, ser\u00e1 quien aspire a la Asamblea.<\/p>\n<p>Rosa Emilia L\u00f3pez Romero es hermana de la empresaria Enilse L\u00f3pez, y su declinaci\u00f3n obedece a razones personales. Es probable que Hugo Rada sea quien haga sus veces en la campa\u00f1a a nombre de este sector de Opci\u00f3n Ciudadana.<\/p>\n<p>Colombia Adu\u00e9n Bray considera que tiene un ciclo cumplido y que su hijo Carlos Andr\u00e9s Fern\u00e1ndez Adu\u00e9n tiene la preparaci\u00f3n y las condiciones de liderazgo para liderar las banderas de su grupo pol\u00edtico dentro de la estructura del Partido de la U que corresponde a la senadora Sandra Villadiego.<\/p>\n","protected":false},"excerpt":{"rendered":"<p>Los diputados de la Asamblea Departamental tienen muy claro su futuro electoral: ocho volver\u00e1n a presentarse para su reelecci\u00f3n; dos podr\u00edan buscar una Alcald\u00eda municipal y cuatro no aspirar\u00e1n. Los que con toda seguridad pretenden renovar su curul en la Asamblea Departamental son Jorge Rodr\u00edguez Sosa, actual presidente, y Luis Padilla Sierra, del partido de la U; Orieta V\u00e1squez, de Opci\u00f3n Ciudadana; V\u00edctor Mendoza y Jos\u00e9 Utria, de Cambio Radical; Andr\u00e9s Montes y Miguel Cu\u00e9ter, del partido Conservador, y Jos\u00e9 F\u00e9lix Turbay, del partido Liberal. Hay dos diputados que adelantan&#8230; <\/p>\n","protected":false},"author":3,"featured_media":3486,"comment_status":"closed","ping_status":"closed","sticky":false,"template":"","format":"standard","meta":{"footnotes":"","_links_to":"","_links_to_target":""},"categories":[28,4],"tags":[],"class_list":["post-3484","post","type-post","status-publish","format-standard","has-post-thumbnail","hentry","category-politica-asamblea","category-politica"],"_links":{"self":[{"href":"https:\/\/revistazetta.com\/index.php?rest_route=\/wp\/v2\/posts\/3484","targetHints":{"allow":["GET"]}}],"collection":[{"href":"https:\/\/revistazetta.com\/index.php?rest_route=\/wp\/v2\/posts"}],"about":[{"href":"https:\/\/revistazetta.com\/index.php?rest_route=\/wp\/v2\/types\/post"}],"author":[{"embeddable":true,"href":"https:\/\/revistazetta.com\/index.php?rest_route=\/wp\/v2\/users\/3"}],"replies":[{"embeddable":true,"href":"https:\/\/revistazetta.com\/index.php?rest_route=%2Fwp%2Fv2%2Fcomments&post=3484"}],"version-history":[{"count":0,"href":"https:\/\/revistazetta.com\/index.php?rest_route=\/wp\/v2\/posts\/3484\/revisions"}],"wp:featuredmedia":[{"embeddable":true,"href":"https:\/\/revistazetta.com\/index.php?rest_route=\/wp\/v2\/media\/3486"}],"wp:attachment":[{"href":"https:\/\/revistazetta.com\/index.php?rest_route=%2Fwp%2Fv2%2Fmedia&parent=3484"}],"wp:term":[{"taxonomy":"category","embeddable":true,"href":"https:\/\/revistazetta.com\/index.php?rest_route=%2Fwp%2Fv2%2Fcategories&post=3484"},{"taxonomy":"post_tag","embeddable":true,"href":"https:\/\/revistazetta.com\/index.php?rest_route=%2Fwp%2Fv2%2Ftags&post=3484"}],"curies":[{"name":"wp","href":"https:\/\/api.w.org\/{rel}","templated":true}]}}