{"id":3521,"date":"2014-10-29T07:16:56","date_gmt":"2014-10-29T12:16:56","guid":{"rendered":"http:\/\/www.revistazetta.com\/?p=3521"},"modified":"2014-10-29T07:16:56","modified_gmt":"2014-10-29T12:16:56","slug":"asamblea-de-bolivar-condecora-a-jorge-luis-pinto","status":"publish","type":"post","link":"https:\/\/revistazetta.com\/?p=3521","title":{"rendered":"Asamblea de Bol\u00edvar condecora a Jorge Luis Pinto"},"content":{"rendered":"<p><span style=\"line-height: 1.5em;\">La Asamblea Departamental de Bol\u00edvar impondr\u00e1 la orden \u201cManuel Rodr\u00edguez Torices\u201d al estratega colombiano Jorge Luis Pinto, en ceremonia que se cumplir\u00e1 este jueves 30 de octubre a las 10 de la ma\u00f1ana en la sede de la Corporaci\u00f3n.<\/span><\/p>\n<p>La propuesta fue presentada por el diputado del Partido de la U, Carlos F\u00e9liz Monsalve, en atenci\u00f3n a los logros y trayectoria del t\u00e9cnico santandereano, que recientemente llev\u00f3 a Costa Rica a clasificar a cuartos de final en el Mundial Brasil 2014.<\/p>\n<p>Pinto tambi\u00e9n fu t\u00e9cnico de la Selecci\u00f3n Colombia, campe\u00f3n con C\u00facuta; de igual forma logr\u00f3 t\u00edtulos con Alianza Lima en Per\u00fa, T\u00e1chira en Venezuela, y Alajuelense de Costa Rica.<\/p>\n","protected":false},"excerpt":{"rendered":"<p>La Asamblea Departamental de Bol\u00edvar impondr\u00e1 la orden \u201cManuel Rodr\u00edguez Torices\u201d al estratega colombiano Jorge Luis Pinto, en ceremonia que se cumplir\u00e1 este jueves 30 de octubre a las 10 de la ma\u00f1ana en la sede de la Corporaci\u00f3n. La propuesta fue presentada por el diputado del Partido de la U, Carlos F\u00e9liz Monsalve, en atenci\u00f3n a los logros y trayectoria del t\u00e9cnico santandereano, que recientemente llev\u00f3 a Costa Rica a clasificar a cuartos de final en el Mundial Brasil 2014. Pinto tambi\u00e9n fu t\u00e9cnico de la Selecci\u00f3n Colombia, campe\u00f3n&#8230; <\/p>\n","protected":false},"author":3,"featured_media":3522,"comment_status":"closed","ping_status":"closed","sticky":false,"template":"","format":"standard","meta":{"footnotes":"","_links_to":"","_links_to_target":""},"categories":[28,4],"tags":[],"class_list":["post-3521","post","type-post","status-publish","format-standard","has-post-thumbnail","hentry","category-politica-asamblea","category-politica"],"_links":{"self":[{"href":"https:\/\/revistazetta.com\/index.php?rest_route=\/wp\/v2\/posts\/3521","targetHints":{"allow":["GET"]}}],"collection":[{"href":"https:\/\/revistazetta.com\/index.php?rest_route=\/wp\/v2\/posts"}],"about":[{"href":"https:\/\/revistazetta.com\/index.php?rest_route=\/wp\/v2\/types\/post"}],"author":[{"embeddable":true,"href":"https:\/\/revistazetta.com\/index.php?rest_route=\/wp\/v2\/users\/3"}],"replies":[{"embeddable":true,"href":"https:\/\/revistazetta.com\/index.php?rest_route=%2Fwp%2Fv2%2Fcomments&post=3521"}],"version-history":[{"count":0,"href":"https:\/\/revistazetta.com\/index.php?rest_route=\/wp\/v2\/posts\/3521\/revisions"}],"wp:featuredmedia":[{"embeddable":true,"href":"https:\/\/revistazetta.com\/index.php?rest_route=\/wp\/v2\/media\/3522"}],"wp:attachment":[{"href":"https:\/\/revistazetta.com\/index.php?rest_route=%2Fwp%2Fv2%2Fmedia&parent=3521"}],"wp:term":[{"taxonomy":"category","embeddable":true,"href":"https:\/\/revistazetta.com\/index.php?rest_route=%2Fwp%2Fv2%2Fcategories&post=3521"},{"taxonomy":"post_tag","embeddable":true,"href":"https:\/\/revistazetta.com\/index.php?rest_route=%2Fwp%2Fv2%2Ftags&post=3521"}],"curies":[{"name":"wp","href":"https:\/\/api.w.org\/{rel}","templated":true}]}}