{"id":35615,"date":"2020-05-03T15:08:25","date_gmt":"2020-05-03T20:08:25","guid":{"rendered":"http:\/\/revistazetta.com\/?p=35615"},"modified":"2020-05-03T15:08:25","modified_gmt":"2020-05-03T20:08:25","slug":"aseguran-recursos-para-ampliar-operacion-en-huc","status":"publish","type":"post","link":"https:\/\/revistazetta.com\/?p=35615","title":{"rendered":"Aseguran recursos para ampliar operaci\u00f3n en HUC"},"content":{"rendered":"<p>M\u00e1s de $ 8.000 millones,\u00a0gestionados por el Gobernador de Bol\u00edvar, Vicente\u00a0Blel\u00a0Scaff, ante el\u00a0\u00d3rgano Colegiado de Administraci\u00f3n y Decisi\u00f3n (OCAD) Regional Bol\u00edvar, del cual es su Presidente, con destino al proyecto de adecuaci\u00f3n de los pisos 9 y 10 del Hospital Universitario de Cartagena, con capacidad para 144 camas hospitalarias; y la habilitaci\u00f3n del piso 5, con el apoyo del Gobierno Nacional\u00a0\u2013fueron\u00a0unos\u00a0de los principales logros, producto de la primera mesa de trabajo de salud\u00a0virtual, realizada y convocada por la C\u00e1mara de Comercio de Cartagena.<\/p>\n<p>El anuncio se dio el viernes\u00a01 de mayo, en\u00a0el cuarto encuentro\u00a0de esta mesa de trabajo, coordinada por la entidad cameral, a la que asistieron\u00a0representantes de la Gobernaci\u00f3n, las EPS, las ARL, el Hospital Universitario del Caribe, el DADIS, IPS privadas, el Superintendente de Salud, Fabio Aristiz\u00e1bal y los congresistas Fernando Nicol\u00e1s Ara\u00fajo, Jorge Benedetti y Nadia\u00a0Blel.<\/p>\n<p>Juan Pablo V\u00e9lez Castellanos, presidente de la C\u00e1mara de Comercio de Cartagena, destac\u00f3 la constancia de todos los participantes por hacer realidad cada uno de los compromisos. \u201cTodos estamos trabajando para fortalecer nuestro sistema de salud p\u00fablica y la expansi\u00f3n hospitalaria de la ciudad y del departamento. Necesitamos en \u00f3ptimas condiciones nuestros hospitales y centros de atenci\u00f3n m\u00e9dica, al igual que\u00a0nuestro\u00a0personal de salud para hacerle frente a esta emergencia sanitaria por el COVID-19\u201d, indic\u00f3.<\/p>\n<p>De igual forma, anunci\u00f3\u00a0que\u00a0la Gobernaci\u00f3n de \u00a0Bol\u00edvar, con\u00a0recursos propios, por m\u00e1s de $9.000 millones, financiar\u00e1 la adquisici\u00f3n de equipos biom\u00e9dicos: 350 camas hospitalarias y 30 camas de UCI; adem\u00e1s se comprometi\u00f3\u00a0en apoyar al laboratorio departamental de la Universidad de Cartagena, con m\u00e1s de 12.000 pruebas PCR y Elementos de Protecci\u00f3n Personal; al igual que se financiar\u00e1, con recursos de regal\u00edas de la OCAD y de Ciencia y Tecnolog\u00eda del departamento de Bol\u00edvar,\u00a0al\u00a0laboratorio\u00a0para que\u00a0pase de procesar 200 pruebas a 500 pruebas diarias, por valor de $4.600 millones.<\/p>\n<p>Por su parte, la Alcald\u00eda de Cartagena se comprometi\u00f3 a abonar\u00a0$5.000 millones de la deuda\u00a0que tiene\u00a0con el HUC. Adicionalmente, el sector privado, a trav\u00e9s de la Telet\u00f3n por Cartagena y Bol\u00edvar, dispondr\u00e1 recursos para la adecuaci\u00f3n del piso 8 de ese centro hospitalario.<\/p>\n<p>A su vez las EPS, el DADIS\u00a0y la Gobernaci\u00f3n adelantar\u00e1n el dise\u00f1o de una estrategia\u00a0inteligente de aislamiento de las personas con COVID-19, que contar\u00e1 con\u00a0el acompa\u00f1amiento de la\u00a0C\u00e1mara de Comercio de Cartagena y empresas del sector hotelero.<\/p>\n<p>Finalmente, expres\u00f3 V\u00e9lez Castellanos,\u00a0se realizar\u00e1 una mesa de saneamiento de cartera entre\u00a0las\u00a0EPS\u00a0y\u00a0las\u00a0IPS,\u00a0convocada\u00a0por la\u00a0Superintendencia de Salud y se aumentar\u00e1\u00a0la\u00a0capacidad de diagn\u00f3stico entre\u00a0el laboratorio\u00a0de\u00a0la Universidad de Cartagena y el\u00a0laboratorio de Salud P\u00fablica de Bol\u00edvar para implementar, de manera eficiente y segura, el aislamiento inteligente, y as\u00ed lograr la anhelada reactivaci\u00f3n econ\u00f3mica en nuestra regi\u00f3n.<\/p>\n","protected":false},"excerpt":{"rendered":"<p>M\u00e1s de $ 8.000 millones,\u00a0gestionados por el Gobernador de Bol\u00edvar, Vicente\u00a0Blel\u00a0Scaff, ante el\u00a0\u00d3rgano Colegiado de Administraci\u00f3n y Decisi\u00f3n (OCAD) Regional Bol\u00edvar, del cual es su Presidente, con destino al proyecto de adecuaci\u00f3n de los pisos 9 y 10 del Hospital Universitario de Cartagena, con capacidad para 144 camas hospitalarias; y la habilitaci\u00f3n del piso 5, con el apoyo del Gobierno Nacional\u00a0\u2013fueron\u00a0unos\u00a0de los principales logros, producto de la primera mesa de trabajo de salud\u00a0virtual, realizada y convocada por la C\u00e1mara de Comercio de Cartagena. El anuncio se dio el viernes\u00a01 de&#8230; <\/p>\n","protected":false},"author":3,"featured_media":35616,"comment_status":"closed","ping_status":"closed","sticky":false,"template":"","format":"standard","meta":{"footnotes":"","_links_to":"","_links_to_target":""},"categories":[3],"tags":[292],"class_list":["post-35615","post","type-post","status-publish","format-standard","has-post-thumbnail","hentry","category-ciudad","tag-ciudad"],"_links":{"self":[{"href":"https:\/\/revistazetta.com\/index.php?rest_route=\/wp\/v2\/posts\/35615","targetHints":{"allow":["GET"]}}],"collection":[{"href":"https:\/\/revistazetta.com\/index.php?rest_route=\/wp\/v2\/posts"}],"about":[{"href":"https:\/\/revistazetta.com\/index.php?rest_route=\/wp\/v2\/types\/post"}],"author":[{"embeddable":true,"href":"https:\/\/revistazetta.com\/index.php?rest_route=\/wp\/v2\/users\/3"}],"replies":[{"embeddable":true,"href":"https:\/\/revistazetta.com\/index.php?rest_route=%2Fwp%2Fv2%2Fcomments&post=35615"}],"version-history":[{"count":0,"href":"https:\/\/revistazetta.com\/index.php?rest_route=\/wp\/v2\/posts\/35615\/revisions"}],"wp:featuredmedia":[{"embeddable":true,"href":"https:\/\/revistazetta.com\/index.php?rest_route=\/wp\/v2\/media\/35616"}],"wp:attachment":[{"href":"https:\/\/revistazetta.com\/index.php?rest_route=%2Fwp%2Fv2%2Fmedia&parent=35615"}],"wp:term":[{"taxonomy":"category","embeddable":true,"href":"https:\/\/revistazetta.com\/index.php?rest_route=%2Fwp%2Fv2%2Fcategories&post=35615"},{"taxonomy":"post_tag","embeddable":true,"href":"https:\/\/revistazetta.com\/index.php?rest_route=%2Fwp%2Fv2%2Ftags&post=35615"}],"curies":[{"name":"wp","href":"https:\/\/api.w.org\/{rel}","templated":true}]}}