{"id":35731,"date":"2020-05-11T18:25:57","date_gmt":"2020-05-11T23:25:57","guid":{"rendered":"http:\/\/revistazetta.com\/?p=35731"},"modified":"2020-05-11T18:26:21","modified_gmt":"2020-05-11T23:26:21","slug":"urge-plan-para-atender-salud-mental-por-confinamiento","status":"publish","type":"post","link":"https:\/\/revistazetta.com\/?p=35731","title":{"rendered":"Urge plan para atender salud mental por confinamiento"},"content":{"rendered":"<p><strong>Concejal Sergio Mendoza propone frente com\u00fan para trabajar por la salud mental de los estudiantes y adultos mayores en tiempos de confinamiento<\/strong><\/p>\n<p><strong>Cartagena de Indias, 11 de mayo de 2020<\/strong>.\u00a0 Preocupado por el suicidio de un menor de 12 a\u00f1os en el barrio Blas de Lezo, el concejal por al partido Alianza Verde, Sergio Mendoza Castro, solicit\u00f3 al director del DADIS y a la secretaria General del Distrito, en articulaci\u00f3n con la Secretar\u00eda de Educaci\u00f3n de Cartagena, la activaci\u00f3n de un plan de acci\u00f3n con los equipos Psicosociales y Trabajo Social\u00a0 que permitan\u00a0 revisar y atender la salud mental de los estudiantes de las escuelas oficiales y no oficiales en tiempos de confinamiento obligatorio.<\/p>\n<p>&nbsp;<\/p>\n<p>\u00abMe preocupa mucho que en la ciudad no se est\u00e9 dise\u00f1ando ninguna estrategia en particular que permita identificar compartimentos ansiosos, enfados o agitados, alg\u00fan tipo de retracci\u00f3n e incluso pesadillas, o cambios frecuentes del humor en los menores. Urge la activaci\u00f3n de los equipos Psicosociales y Trabajo Social de las escuelas y del DADIS para que revisen con los directores de grupo el comportamiento de sus estudiantes\u00bb, precis\u00f3.<\/p>\n<p>&nbsp;<\/p>\n<p>Mendoza Castro, fue enf\u00e1tico en afirmar, que para nadie es un secreto que el confinamiento produce ciertos efectos negativos en la salud del ser humano, alterando de sobremanera el comportamiento de los infantes \u00abnotamos que se han disparados los casos de maltrato familiar, por eso es importante actuar en el dise\u00f1o de una estrategia que nos permita despertar alertas tempranas y no se repitan casos de suicidios como el del menor de 12 a\u00f1os en la ciudad\u00bb, detall\u00f3.<\/p>\n<p>&nbsp;<\/p>\n<p>El cabildante agreg\u00f3, que los expertos aseguran que en cuarentena debemos tener mayor atenci\u00f3n con nuestros hijos, buscar actividades que nos unan como familia, evitar el conflicto y no dejarse dominar por el encierro.<\/p>\n<p>&nbsp;<\/p>\n<p>\u00abLa salud mental de los ni\u00f1os es especialmente vulnerable en momentos de crisis como el actual, muchos estudios revelan que los ni\u00f1os que han pasado por cuarentenas han llegado a mostrar niveles de estr\u00e9s postraum\u00e1tico cuatro veces superiores a la media de aquellos que no hab\u00edan estado confinados\u00bb, subray\u00f3.<\/p>\n","protected":false},"excerpt":{"rendered":"<p>Concejal Sergio Mendoza propone frente com\u00fan para trabajar por la salud mental de los estudiantes y adultos mayores en tiempos de confinamiento Cartagena de Indias, 11 de mayo de 2020.\u00a0 Preocupado por el suicidio de un menor de 12 a\u00f1os en el barrio Blas de Lezo, el concejal por al partido Alianza Verde, Sergio Mendoza Castro, solicit\u00f3 al director del DADIS y a la secretaria General del Distrito, en articulaci\u00f3n con la Secretar\u00eda de Educaci\u00f3n de Cartagena, la activaci\u00f3n de un plan de acci\u00f3n con los equipos Psicosociales y Trabajo&#8230; <\/p>\n","protected":false},"author":3,"featured_media":35732,"comment_status":"closed","ping_status":"closed","sticky":false,"template":"","format":"standard","meta":{"footnotes":"","_links_to":"","_links_to_target":""},"categories":[4],"tags":[298],"class_list":["post-35731","post","type-post","status-publish","format-standard","has-post-thumbnail","hentry","category-politica","tag-politica"],"_links":{"self":[{"href":"https:\/\/revistazetta.com\/index.php?rest_route=\/wp\/v2\/posts\/35731","targetHints":{"allow":["GET"]}}],"collection":[{"href":"https:\/\/revistazetta.com\/index.php?rest_route=\/wp\/v2\/posts"}],"about":[{"href":"https:\/\/revistazetta.com\/index.php?rest_route=\/wp\/v2\/types\/post"}],"author":[{"embeddable":true,"href":"https:\/\/revistazetta.com\/index.php?rest_route=\/wp\/v2\/users\/3"}],"replies":[{"embeddable":true,"href":"https:\/\/revistazetta.com\/index.php?rest_route=%2Fwp%2Fv2%2Fcomments&post=35731"}],"version-history":[{"count":0,"href":"https:\/\/revistazetta.com\/index.php?rest_route=\/wp\/v2\/posts\/35731\/revisions"}],"wp:featuredmedia":[{"embeddable":true,"href":"https:\/\/revistazetta.com\/index.php?rest_route=\/wp\/v2\/media\/35732"}],"wp:attachment":[{"href":"https:\/\/revistazetta.com\/index.php?rest_route=%2Fwp%2Fv2%2Fmedia&parent=35731"}],"wp:term":[{"taxonomy":"category","embeddable":true,"href":"https:\/\/revistazetta.com\/index.php?rest_route=%2Fwp%2Fv2%2Fcategories&post=35731"},{"taxonomy":"post_tag","embeddable":true,"href":"https:\/\/revistazetta.com\/index.php?rest_route=%2Fwp%2Fv2%2Ftags&post=35731"}],"curies":[{"name":"wp","href":"https:\/\/api.w.org\/{rel}","templated":true}]}}