{"id":36030,"date":"2020-05-30T11:43:57","date_gmt":"2020-05-30T16:43:57","guid":{"rendered":"http:\/\/revistazetta.com\/?p=36030"},"modified":"2020-05-30T11:52:25","modified_gmt":"2020-05-30T16:52:25","slug":"tenemos-que-dar-mas-y-pedir-menos-alcalde-william-dau","status":"publish","type":"post","link":"https:\/\/revistazetta.com\/?p=36030","title":{"rendered":"\u00abTenemos que dar m\u00e1s y pedir menos\u00bb: Alcalde William Dau"},"content":{"rendered":"<div>\n<p>El alcalde William Dau est\u00e1 presentando su balance de cinco meses, con su punto de vista sobre lo que ha sido la gesti\u00f3n, y con su consabido ataque a administraciones anteriores, veedores, periodistas y opositores.<\/p>\n<\/div>\n<div>Con esa combinaci\u00f3n de retrovisor y gesti\u00f3n, dijo que \u00abEl pueblo que nos eligi\u00f3 como Gobierno Ciudadano sabe que lo que hoy nos mata no es solo la crudeza del virus, sino la vulnerabilidad generada por esa pobreza acumulada a la que le dimos la espalda durante a\u00f1os, mientras los bolsillos de una minor\u00eda se llenaban. La falta de buena y oportuna salud y educaci\u00f3n, la falta de oportunidades de empleos dignos es lo que hoy tiene a la gente expuesta en las calles.<\/div>\n<div><\/div>\n<div>Dau expres\u00f3 que<span style=\"color: #000000;\"><em>\u00a0\u00absaldremos adelante si nos unimos respetando el principio de transparencia, todos tenemos que dar m\u00e1s y pedir menos, es un momento para reorganizar lo que no est\u00e1bamos haciendo bien en la ciudad, una vez aprobado el Plan de Desarrollo por el Concejo Distrital, vamos a convocar a cada sector organizado a gestionar conjuntamente sus programas y metas\u00bb.\u00a0<\/em><\/span><\/div>\n<div><\/div>\n<div>Esto dijo el alcalde:<\/div>\n<div><\/div>\n<div><span style=\"color: #000080;\"><em>BALANCE DE GOBIERNO\u00a0WILLIAM DAU CHAMAT<\/em><\/span><\/div>\n<div><span style=\"color: #000080;\"><em>2020- 2023<\/em><\/span><\/div>\n<div><\/div>\n<div><\/div>\n<div><span style=\"color: #000080;\"><em>1. Cartageneros, cartageneras, se\u00f1oras y se\u00f1ores miembros del gabinete, reciban un cordial saludo hoy 30 de mayo, D\u00cdA 80 DE LA PANDEMIA.<\/em><\/span><\/div>\n<div><\/div>\n<div><span style=\"color: #000080;\"><em>2. Este acto de EVALUACI\u00d3N DE LA GESTI\u00d3N DE GOBIERNO en estos primeros cinco meses, debimos hacerlo hace 40 d\u00edas, pero la presencia del Coronavirus en la ciudad, nos cambi\u00f3 gran parte de los planes que no ten\u00edamos.\u00a0<\/em><\/span><\/div>\n<div><\/div>\n<div><span style=\"color: #000080;\"><em>3. Al comienzo de esta administraci\u00f3n, cuando pens\u00e1bamos que con un gabinete escogido de manera transparente y sin compromisos pol\u00edticos, a trav\u00e9s de un proceso de meritocracia, con una propuesta de un plan de desarrollo ambicioso para avanzar en la recuperaci\u00f3n de la Cartagena pobre y olvidada, una administraci\u00f3n que tiene como principal objetivo extirpar la corrupci\u00f3n, apareci\u00f3 el COVID-19, enfermedad que ha desnudado nuestras debilidades econ\u00f3micas e institucionales.<\/em><\/span><\/div>\n<div><\/div>\n<div><span style=\"color: #000080;\"><em>4. Pero tambi\u00e9n estamos ante una gran oportunidad. Hoy en la ma\u00f1ana y durante todo el d\u00eda, mientras nosotros estamos aqu\u00ed presentando este balance de gobierno, Guillermo \u00c1vila, nuestro Secretario de Planeaci\u00f3n est\u00e1 en el Concejo Distrital sustentando el Plan de Desarrollo, esperamos que sea aprobado para sacar adelante una idea de ciudad basada en los principios de buen gobierno, moralidad, transparencia, sostenibilidad y justicia social.<\/em><\/span><\/div>\n<div><\/div>\n<div><span style=\"color: #000080;\"><em>5. S\u00e9 que para ninguno de ustedes ha sido f\u00e1cil, algunos no encontraron archivos, han tenido que enfrentar funcionarios que vienen de viejas administraciones y entorpecen sus labores, somos testigos que muchos de ustedes han sido citados una y otra vez al Concejo a dar explicaciones por actos que no son atribuibles a esta administraci\u00f3n, pero ese es parte del desaf\u00edo: resistir la hostilidad y la agresividad, demostrar fortaleza e integridad para salir adelante.<\/em><\/span><\/div>\n<div><\/div>\n<div><span style=\"color: #000080;\"><em>6. Un mensaje que hoy, cinco meses despu\u00e9s de haber asumido el gobierno, voy a reiterar a la ciudadan\u00eda cartagenera es que tengan paciencia y confianza y a los opositores: no se confundan. El pueblo que nos eligi\u00f3 como Gobierno Ciudadano sabe que lo que hoy nos mata no es solo la crudeza del virus, sino la vulnerabilidad generada por esa pobreza acumulada a la que le dimos la espalda durante a\u00f1os, mientras los bolsillos de una minor\u00eda se llenaban. La falta de buena y oportuna salud y educaci\u00f3n, la falta de oportunidades de empleos dignos es lo que hoy tiene a la gente expuesta en las calles.<\/em><\/span><\/div>\n<div><\/div>\n<div><span style=\"color: #000080;\"><em>PRIORIDADES EN LO QUE RESTA DE ESTE PRIMER A\u00d1O DE GOBIERNO:<\/em><\/span><\/div>\n<div><\/div>\n<div><span style=\"color: #000080;\"><em>1-Estabilizar el manejo y control de la pandemia<\/em><\/span><\/div>\n<div><span style=\"color: #000080;\"><em>2-Poner en marcha junto con sector privado, Plan de Reactivaci\u00f3n Econ\u00f3mica, una vez tengamos bajo control contagio masivo que hoy nos afecta.<\/em><\/span><\/div>\n<div><span style=\"color: #000080;\"><em>3-Recuperaci\u00f3n fiscal del Distrito<\/em><\/span><\/div>\n<div><span style=\"color: #000080;\"><em>4-Fortalecer nuestro Plan de Emergencia Social<\/em><\/span><\/div>\n<div><span style=\"color: #000080;\"><em>5- Focalizar la inversi\u00f3n en la reactivaci\u00f3n del mont\u00f3n de obras paralizadas en barrios y localidades.<\/em><\/span><\/div>\n<div><\/div>\n<div><span style=\"color: #000080;\"><em>-Tengamos paciencia, no enfrentamos solo a unas clientelas corruptas que saquearon la ciudad, ahora enfrentamos una carrera contra el tiempo porque todo lo que se dej\u00f3 de hacer en a\u00f1os anteriores nos tiene en las peores condiciones para enfrentar esta enfermedad urbana.<\/em><\/span><\/div>\n<div><\/div>\n<div><span style=\"color: #000080;\"><em>-Saldremos adelante S\u00ed:<\/em><\/span><\/div>\n<div><span style=\"color: #000080;\"><em>1-Nos unimos respetando el principio de transparencia.<\/em><\/span><\/div>\n<div><span style=\"color: #000080;\"><em>2-Todos tenemos que dar m\u00e1s y pedir menos.<\/em><\/span><\/div>\n<div><span style=\"color: #000080;\"><em>3-Es un momento para reorganizar lo que no est\u00e1bamos haciendo bien en la ciudad.<\/em><\/span><\/div>\n<div><span style=\"color: #000080;\"><em>4-Una vez aprobado el Plan de Desarrollo por el Concejo Distrital, vamos a convocar a cada sector organizado a gestionar conjuntamente sus programas y metas.\u00a0<\/em><\/span><\/div>\n<div><\/div>\n<div><span style=\"color: #000080;\"><em>Salvemos juntos a Cartagena.<\/em><\/span><\/div>\n","protected":false},"excerpt":{"rendered":"<p>El alcalde William Dau est\u00e1 presentando su balance de cinco meses, con su punto de vista sobre lo que ha sido la gesti\u00f3n, y con su consabido ataque a administraciones anteriores, veedores, periodistas y opositores. Con esa combinaci\u00f3n de retrovisor y gesti\u00f3n, dijo que \u00abEl pueblo que nos eligi\u00f3 como Gobierno Ciudadano sabe que lo que hoy nos mata no es solo la crudeza del virus, sino la vulnerabilidad generada por esa pobreza acumulada a la que le dimos la espalda durante a\u00f1os, mientras los bolsillos de una minor\u00eda se&#8230; <\/p>\n","protected":false},"author":3,"featured_media":36031,"comment_status":"closed","ping_status":"closed","sticky":false,"template":"","format":"standard","meta":{"footnotes":"","_links_to":"","_links_to_target":""},"categories":[32],"tags":[296],"class_list":["post-36030","post","type-post","status-publish","format-standard","has-post-thumbnail","hentry","category-actualidad-distrito","tag-distrito"],"_links":{"self":[{"href":"https:\/\/revistazetta.com\/index.php?rest_route=\/wp\/v2\/posts\/36030","targetHints":{"allow":["GET"]}}],"collection":[{"href":"https:\/\/revistazetta.com\/index.php?rest_route=\/wp\/v2\/posts"}],"about":[{"href":"https:\/\/revistazetta.com\/index.php?rest_route=\/wp\/v2\/types\/post"}],"author":[{"embeddable":true,"href":"https:\/\/revistazetta.com\/index.php?rest_route=\/wp\/v2\/users\/3"}],"replies":[{"embeddable":true,"href":"https:\/\/revistazetta.com\/index.php?rest_route=%2Fwp%2Fv2%2Fcomments&post=36030"}],"version-history":[{"count":0,"href":"https:\/\/revistazetta.com\/index.php?rest_route=\/wp\/v2\/posts\/36030\/revisions"}],"wp:featuredmedia":[{"embeddable":true,"href":"https:\/\/revistazetta.com\/index.php?rest_route=\/wp\/v2\/media\/36031"}],"wp:attachment":[{"href":"https:\/\/revistazetta.com\/index.php?rest_route=%2Fwp%2Fv2%2Fmedia&parent=36030"}],"wp:term":[{"taxonomy":"category","embeddable":true,"href":"https:\/\/revistazetta.com\/index.php?rest_route=%2Fwp%2Fv2%2Fcategories&post=36030"},{"taxonomy":"post_tag","embeddable":true,"href":"https:\/\/revistazetta.com\/index.php?rest_route=%2Fwp%2Fv2%2Ftags&post=36030"}],"curies":[{"name":"wp","href":"https:\/\/api.w.org\/{rel}","templated":true}]}}