{"id":36036,"date":"2020-05-31T08:42:18","date_gmt":"2020-05-31T13:42:18","guid":{"rendered":"http:\/\/revistazetta.com\/?p=36036"},"modified":"2020-05-31T08:42:18","modified_gmt":"2020-05-31T13:42:18","slug":"que-le-ensena-la-inminente-demolicion-de-aquarella-a-la-sca-opinion-de-alvaro-royo-desde-xiamen","status":"publish","type":"post","link":"https:\/\/revistazetta.com\/?p=36036","title":{"rendered":"Qu\u00e9 le ense\u00f1a la inminente demolici\u00f3n de Aquarella a la SCA &#8211; Opini\u00f3n de \u00c1lvaro Royo desde Xiamen"},"content":{"rendered":"<p><strong><span style=\"color: #000080;\">Por \u00c1lvaro Royo (Especial para Revista Zetta 20 a\u00f1os).- (Xiamen &#8211; China).-<\/span>\u00a0<\/strong>Con tanta noticia negativa en todo lo corrido de este 2020 por fin se escucha algo que refresca e invita a celebrar, pues que la inminente demolici\u00f3n del esperpento sienta un precedente pero sobre todo deja varias ense\u00f1anzas, en especial para los que cuentan con el don y el sentido de la autocr\u00edtica.<\/p>\n<p>Casi salto de la silla de la alegr\u00eda cuando escuch\u00e9 al procurador hablar; no era para menos, un proyecto con varios procesos penales en su contra por violaciones de frente a las leyes y a la norma adem\u00e1s de hacer lo que todos los constructores en Cartagena siempre han hecho y es apropiarse del espacio p\u00fablico, porque cuando se puede pasar algo por debajo de la mensa all\u00e1 todo tiene soluci\u00f3n.<\/p>\n<p><img loading=\"lazy\" decoding=\"async\" class=\"size-medium wp-image-35994 aligncenter\" src=\"https:\/\/revistazetta.com\/wp-content\/uploads\/2020\/05\/Demo-aqq-400x251.jpg\" alt=\"\" width=\"400\" height=\"251\" srcset=\"https:\/\/revistazetta.com\/wp-content\/uploads\/2020\/05\/Demo-aqq-400x251.jpg 400w, https:\/\/revistazetta.com\/wp-content\/uploads\/2020\/05\/Demo-aqq.jpg 755w\" sizes=\"auto, (max-width: 400px) 100vw, 400px\" \/><\/p>\n<p>Todo esto dejaba la sensaci\u00f3n y el tufillo que eventualmente no pudiera pasar absolutamente nada, y en un par de a\u00f1os la UNESCO retirara el t\u00edtulo de Patrimonio Hist\u00f3rico de la Humanidad y tampoco pasara nada m\u00e1s que todos ech\u00e1ndose las culpas unos a otros y las cosas siguieran empeorando, si, empeorando porque ese t\u00edtulo internacional tiene a Cartagena en el top de destinos tur\u00edsticos a nivel mundial, con muchos beneficios para todos, pero me he puesto a pensar que eso para los promotores del desastre urban\u00edstico de la ciudad, l\u00e9ase empresas constructoras irresponsables -y que Cartagena tiene demasiadas-, este t\u00edtulo representa un obst\u00e1culo para sus intereses, son muchos los controles y ojos que vigilan ahora para que el patrimonio no sea ninguneado, y eso al final es un estorbo.<\/p>\n<p>Estorbo que le va a costar varios miles de millones a los due\u00f1os de este proyecto y seguro arrastren con ellos a compradores de buena fe que creyeron en las mentiras y perrer\u00edas que les vendieron, que les den la c\u00e1rcel por casa para ver si as\u00ed piensan un poco antes de andar torciendo normas, porque las tuercen sin llegar a romperlas pero en ese esfuerzo y tensi\u00f3n que crean se forma una zona gris que es la que los tiene\u00a0 en estos momentos jal\u00e1ndose de los cabellos y buscando milagros que ya no van a aparecer.<\/p>\n<p><img loading=\"lazy\" decoding=\"async\" class=\"size-medium wp-image-36038 aligncenter\" src=\"https:\/\/revistazetta.com\/wp-content\/uploads\/2020\/05\/79-400x400.jpg\" alt=\"\" width=\"400\" height=\"400\" srcset=\"https:\/\/revistazetta.com\/wp-content\/uploads\/2020\/05\/79-400x400.jpg 400w, https:\/\/revistazetta.com\/wp-content\/uploads\/2020\/05\/79-300x300.jpg 300w, https:\/\/revistazetta.com\/wp-content\/uploads\/2020\/05\/79-80x80.jpg 80w, https:\/\/revistazetta.com\/wp-content\/uploads\/2020\/05\/79.jpg 720w\" sizes=\"auto, (max-width: 400px) 100vw, 400px\" \/><\/p>\n<p>Comentaba la arquitecta cartagenera Nilse Estela Molina cuando ley\u00f3 la noticia de la orden del procurador que ella se iba a ir para all\u00e1 con la \u201cmona\u201d (l\u00e9ase martillo para demoler) a ayudar en la demolici\u00f3n, y se me ha venido a la cabeza que ese d\u00eda deber\u00eda hacerse un acto simb\u00f3lico de demolici\u00f3n y permitir que los ciudadanos puedan ir con sus martillos a quedarse con un pedazo de este edificio que creo marcar\u00e1 un antes y un despu\u00e9s en la historia de los proyectos inmobiliarios en Cartagena, ya que se va a respetar m\u00e1s el espacio p\u00fablico, y las normas van a ser revisadas con sumo cuidado para no exponerse a una demolici\u00f3n y perdidas millonarias de este tipo.<\/p>\n<p>Una fiesta con tarima, orquestas, luces y sonido para celebrar el fin de la cuarentena y la demolici\u00f3n del asesino del patrimonio, para mi es tan importante como la ca\u00edda del muro de Berl\u00edn. \u00a1\u00a1\u00a1Aleluya!!!<\/p>\n<p>En todo este tiempo de espera, a\u00f1os han pasado, y no puedo dejar de pensar en los diferentes eventos que organizaba la SCA (Sociedad Colombiana de Arquitectos) para intentar de manera fallida lavarle la cara a ese proyecto ilegal, es por lo menos vergonzoso ver como el gremio que deber\u00eda levantar la voz en favor de la ciudad, no solo miraba para otro lado, si no que se un\u00edan al bando que trataba de sacarle un ojo a Cartagena con esa obra, la lista de irregularidades consta de varios puntos, invasi\u00f3n ilegal del espacio p\u00fablico, fallas estructurales (por Dios), disfraz de vivienda de inter\u00e9s social cuando a todas luces no lo era, y la fresa que decoraba el pastel, el atentado contra el patrimonio de toda la ciudad al encontrarse a poco metros del Castillo de San Felipe.<\/p>\n<p><img loading=\"lazy\" decoding=\"async\" class=\"size-medium wp-image-36039 aligncenter\" src=\"https:\/\/revistazetta.com\/wp-content\/uploads\/2020\/05\/80-400x225.jpg\" alt=\"\" width=\"400\" height=\"225\" srcset=\"https:\/\/revistazetta.com\/wp-content\/uploads\/2020\/05\/80-400x225.jpg 400w, https:\/\/revistazetta.com\/wp-content\/uploads\/2020\/05\/80-1024x576.jpg 1024w, https:\/\/revistazetta.com\/wp-content\/uploads\/2020\/05\/80.jpg 1280w\" sizes=\"auto, (max-width: 400px) 100vw, 400px\" \/><\/p>\n<p>Ninguna de estas bellezas le importaba un carajo a nuestros honorables arquitectos cartageneros de la SCA, ninguno se tom\u00f3 la delicadeza de mirar pros y contras, a todos les importaba m\u00e1s una miserable palmadita en la espalda de los desvergonzados constructores de ese proyecto, \u00bfy la ciudad? Ya se sabe que les importa un reverendo.<\/p>\n<p>Vamos a mirarlo de esta manera para tratar un tema puntual, y es con referencia a lo que es el t\u00edpico conflicto de intereses, en un lado tienes como presidente de la Lonja de Cartagena que defender los intereses de los constructores, por el otro eres miembro activo de la SCA, y en el otro lado est\u00e1 tu ciudad, no creo que sea posible que el se\u00f1or Diego Gonz\u00e1lez como arquitecto experimentado que es, no haya percibido las irregularidades de Aquarela y no solo eso, que no haya el visualizado todo el da\u00f1o que le pod\u00eda venir a la ciudad si esta obra segu\u00eda su curso porque en diferentes escenarios se le vio defendiendo furiosamente este proyecto envenenado.<\/p>\n<p><strong>Revisando las funciones y objetivos de la lonja de Cartagena informaci\u00f3n que he sacado de su p\u00e1gina Web y me encuentro art\u00edculos que dicen: <\/strong><\/p>\n<ol>\n<li><strong>Adelantar campa\u00f1as tendientes a lograr que los negocios y actividades de propiedad ra\u00edz se realizan dentro del mercado de las m\u00e1s altas normas de la moral <\/strong><\/li>\n<li><strong>Regular y vigilar las actuaciones comerciales y profesionales de sus miembros<\/strong><\/li>\n<\/ol>\n<p>Y luego de todas las irregularidades encontradas por la Procuradur\u00eda en el edificio Aquarela, se pregunta uno \u00bfd\u00f3nde estaba la Lonja y su presidente mientras suced\u00eda todo esto?<\/p>\n<p>\u00bfVigilaron que uno de sus miembros constructores actuara dentro de las m\u00e1s altas normas de la moral?<\/p>\n<p>\u00bfEst\u00e1n tan mal de la vista todos para no ver que Aquarela est\u00e1 construido casi sobre el and\u00e9n?<\/p>\n<p><img loading=\"lazy\" decoding=\"async\" class=\"size-medium wp-image-36042 aligncenter\" src=\"https:\/\/revistazetta.com\/wp-content\/uploads\/2020\/05\/Aquarela-Acera-400x252.png\" alt=\"\" width=\"400\" height=\"252\" srcset=\"https:\/\/revistazetta.com\/wp-content\/uploads\/2020\/05\/Aquarela-Acera-400x252.png 400w, https:\/\/revistazetta.com\/wp-content\/uploads\/2020\/05\/Aquarela-Acera-1024x646.png 1024w, https:\/\/revistazetta.com\/wp-content\/uploads\/2020\/05\/Aquarela-Acera.png 1410w\" sizes=\"auto, (max-width: 400px) 100vw, 400px\" \/><\/p>\n<p>Es nefasto el legado que le deja a la ciudad esta generaci\u00f3n de arquitectos que hoy d\u00eda ense\u00f1an arquitectura en prestigiosas universidades y son miembros de la SCA; jam\u00e1s estuvo la ciudad tan deteriorada urban\u00edsticamente, jam\u00e1s se hab\u00edan violado tanto las normas, el desastre es evidente y ellos siguen all\u00ed, haciendo y deshaciendo, perd\u00f3n deshaciendo, porque para hacer las cosas tan mal, mejor que ni las hagan<\/p>\n<p>Los que fuimos sus alumnos y venimos detr\u00e1s de ellos esperamos un poco de autocr\u00edtica, que se sienten a charlar a ver d\u00f3nde est\u00e1n fallando y por qu\u00e9 no se ponen de una bendita vez del lado de la ciudad y dejen de estarle haciendo los mandados a politiqueros y empresarios que se pasan las leyes y las normas por el forro.<\/p>\n<p>Ya hagan un pare de una vez por todas \u00a1\u00a1\u00a1Joder!!!<\/p>\n<p>&nbsp;<\/p>\n<p>Como siempre all\u00ed est\u00e1 mi email al pie de p\u00e1gina para los que quieran escribirme sus opiniones acerca del tema y con mucho gusto les responder\u00e9<\/p>\n<p><span style=\"color: #800000;\"><strong>\u00a1Un abrazo!<\/strong><\/span><\/p>\n<p><span style=\"color: #800000;\"><strong>\u00c1lvaro Royo B\u00e1rcenas<\/strong><\/span><\/p>\n<p>Xiamen-China<\/p>\n<p><a href=\"mailto:enchina@gmail.com\">enchina@gmail.com<\/a><\/p>\n<p><a href=\"https:\/\/www.alvaroroyo.com\/\" target=\"_blank\" rel=\"noopener\">www.alvaroroyo.com<\/a><\/p>\n<p>Twitter:\u00a0@Alvaro_E_Royo<\/p>\n<p>0086-13559231344<\/p>\n<p>&nbsp;<\/p>\n<p>&nbsp;<\/p>\n<p>&nbsp;<\/p>\n<p>&nbsp;<\/p>\n<p>&nbsp;<\/p>\n<p>&nbsp;<\/p>\n<p>&nbsp;<\/p>\n<p>&nbsp;<\/p>\n<p>&nbsp;<\/p>\n","protected":false},"excerpt":{"rendered":"<p>Por \u00c1lvaro Royo (Especial para Revista Zetta 20 a\u00f1os).- (Xiamen &#8211; China).-\u00a0Con tanta noticia negativa en todo lo corrido de este 2020 por fin se escucha algo que refresca e invita a celebrar, pues que la inminente demolici\u00f3n del esperpento sienta un precedente pero sobre todo deja varias ense\u00f1anzas, en especial para los que cuentan con el don y el sentido de la autocr\u00edtica. Casi salto de la silla de la alegr\u00eda cuando escuch\u00e9 al procurador hablar; no era para menos, un proyecto con varios procesos penales en su contra&#8230; <\/p>\n","protected":false},"author":3,"featured_media":36041,"comment_status":"closed","ping_status":"closed","sticky":false,"template":"","format":"standard","meta":{"footnotes":"","_links_to":"","_links_to_target":""},"categories":[75],"tags":[288,289],"class_list":["post-36036","post","type-post","status-publish","format-standard","has-post-thumbnail","hentry","category-destacada","tag-materia-gris","tag-opinion"],"_links":{"self":[{"href":"https:\/\/revistazetta.com\/index.php?rest_route=\/wp\/v2\/posts\/36036","targetHints":{"allow":["GET"]}}],"collection":[{"href":"https:\/\/revistazetta.com\/index.php?rest_route=\/wp\/v2\/posts"}],"about":[{"href":"https:\/\/revistazetta.com\/index.php?rest_route=\/wp\/v2\/types\/post"}],"author":[{"embeddable":true,"href":"https:\/\/revistazetta.com\/index.php?rest_route=\/wp\/v2\/users\/3"}],"replies":[{"embeddable":true,"href":"https:\/\/revistazetta.com\/index.php?rest_route=%2Fwp%2Fv2%2Fcomments&post=36036"}],"version-history":[{"count":0,"href":"https:\/\/revistazetta.com\/index.php?rest_route=\/wp\/v2\/posts\/36036\/revisions"}],"wp:featuredmedia":[{"embeddable":true,"href":"https:\/\/revistazetta.com\/index.php?rest_route=\/wp\/v2\/media\/36041"}],"wp:attachment":[{"href":"https:\/\/revistazetta.com\/index.php?rest_route=%2Fwp%2Fv2%2Fmedia&parent=36036"}],"wp:term":[{"taxonomy":"category","embeddable":true,"href":"https:\/\/revistazetta.com\/index.php?rest_route=%2Fwp%2Fv2%2Fcategories&post=36036"},{"taxonomy":"post_tag","embeddable":true,"href":"https:\/\/revistazetta.com\/index.php?rest_route=%2Fwp%2Fv2%2Ftags&post=36036"}],"curies":[{"name":"wp","href":"https:\/\/api.w.org\/{rel}","templated":true}]}}