{"id":36064,"date":"2020-06-03T17:26:59","date_gmt":"2020-06-03T22:26:59","guid":{"rendered":"http:\/\/revistazetta.com\/?p=36064"},"modified":"2020-06-03T17:26:59","modified_gmt":"2020-06-03T22:26:59","slug":"comision-economica-senado-aprueba-en-tercer-debate-ley-pro-deporte-y-recreacion","status":"publish","type":"post","link":"https:\/\/revistazetta.com\/?p=36064","title":{"rendered":"Comisi\u00f3n Econ\u00f3mica Senado aprueba en tercer debate Ley Pro-Deporte y Recreaci\u00f3n\u00a0\u00a0"},"content":{"rendered":"<p>En la Comisi\u00f3n Tercera de Senado fue aprobado en tercer debate el proyecto de Ley 255\/2019 Senado &#8211; 221\/2018 C\u00e1mara, con la ponencia del senador por el Partido de la U, Andr\u00e9s Garc\u00eda Zuccardi. Esta iniciativa es de autor\u00eda de la Representante del Partido de la Unidad, Norma Hurtado, y cuenta con el apoyo de los tambi\u00e9n representantes Luis Tovar, Jorge Burgos, Erasmo Zuleta, Martha Villalba, Jairo Cristo y Faber Mu\u00f1oz, busca facultar a las Asambleas Departamentales, Concejos Municipales y Distritales, para crear una tasa Pro-Deporte y Recreaci\u00f3n, cuyo recaudo ser\u00e1 administrado por el respectivo ente territorial con destino al fomento y est\u00edmulo\u00a0 del deporte y la recreaci\u00f3n, conforme a los planes, programas, proyectos de recreaci\u00f3n y\u00a0 pol\u00edticas nacionales o territoriales. El proyecto crea un l\u00edmite m\u00e1ximo para esta tasa equivalente al 2.5% del valor gravado.<\/p>\n<p>Con esta iniciativa no solo se pretende beneficiar a m\u00e1s de 6.000 deportistas y ligas dedicadas a fomentar el deporte, sino que tambi\u00e9n podr\u00eda\u00a0 generar ingresos para infraestructura en corregimientos y veredas alejadas, apoyo a personas con discapacidad, seguridad social para deportistas y el recaudo de cerca de 15.000 millones. Ahora contin\u00faa su tr\u00e1mite en la Plenaria de Senado.<\/p>\n","protected":false},"excerpt":{"rendered":"<p>En la Comisi\u00f3n Tercera de Senado fue aprobado en tercer debate el proyecto de Ley 255\/2019 Senado &#8211; 221\/2018 C\u00e1mara, con la ponencia del senador por el Partido de la U, Andr\u00e9s Garc\u00eda Zuccardi. Esta iniciativa es de autor\u00eda de la Representante del Partido de la Unidad, Norma Hurtado, y cuenta con el apoyo de los tambi\u00e9n representantes Luis Tovar, Jorge Burgos, Erasmo Zuleta, Martha Villalba, Jairo Cristo y Faber Mu\u00f1oz, busca facultar a las Asambleas Departamentales, Concejos Municipales y Distritales, para crear una tasa Pro-Deporte y Recreaci\u00f3n, cuyo recaudo&#8230; <\/p>\n","protected":false},"author":3,"featured_media":36065,"comment_status":"closed","ping_status":"closed","sticky":false,"template":"","format":"standard","meta":{"footnotes":"","_links_to":"","_links_to_target":""},"categories":[4,82],"tags":[298,234],"class_list":["post-36064","post","type-post","status-publish","format-standard","has-post-thumbnail","hentry","category-politica","category-senado","tag-politica","tag-senado"],"_links":{"self":[{"href":"https:\/\/revistazetta.com\/index.php?rest_route=\/wp\/v2\/posts\/36064","targetHints":{"allow":["GET"]}}],"collection":[{"href":"https:\/\/revistazetta.com\/index.php?rest_route=\/wp\/v2\/posts"}],"about":[{"href":"https:\/\/revistazetta.com\/index.php?rest_route=\/wp\/v2\/types\/post"}],"author":[{"embeddable":true,"href":"https:\/\/revistazetta.com\/index.php?rest_route=\/wp\/v2\/users\/3"}],"replies":[{"embeddable":true,"href":"https:\/\/revistazetta.com\/index.php?rest_route=%2Fwp%2Fv2%2Fcomments&post=36064"}],"version-history":[{"count":0,"href":"https:\/\/revistazetta.com\/index.php?rest_route=\/wp\/v2\/posts\/36064\/revisions"}],"wp:featuredmedia":[{"embeddable":true,"href":"https:\/\/revistazetta.com\/index.php?rest_route=\/wp\/v2\/media\/36065"}],"wp:attachment":[{"href":"https:\/\/revistazetta.com\/index.php?rest_route=%2Fwp%2Fv2%2Fmedia&parent=36064"}],"wp:term":[{"taxonomy":"category","embeddable":true,"href":"https:\/\/revistazetta.com\/index.php?rest_route=%2Fwp%2Fv2%2Fcategories&post=36064"},{"taxonomy":"post_tag","embeddable":true,"href":"https:\/\/revistazetta.com\/index.php?rest_route=%2Fwp%2Fv2%2Ftags&post=36064"}],"curies":[{"name":"wp","href":"https:\/\/api.w.org\/{rel}","templated":true}]}}