{"id":36071,"date":"2020-06-03T18:04:24","date_gmt":"2020-06-03T23:04:24","guid":{"rendered":"http:\/\/revistazetta.com\/?p=36071"},"modified":"2020-06-03T18:04:56","modified_gmt":"2020-06-03T23:04:56","slug":"gobernacion-de-bolivar-activa-su-fase-de-respuesta-por-emergencias-en-el-sur","status":"publish","type":"post","link":"https:\/\/revistazetta.com\/?p=36071","title":{"rendered":"Gobernaci\u00f3n de Bol\u00edvar activa fase de respuesta por emergencias en el sur"},"content":{"rendered":"<blockquote><p><strong>Los municipios damnificados son Arenal del Sur, Noros\u00ed, Morales, Montecristo<\/strong><\/p><\/blockquote>\n<p>Ante las inundaciones ocasionadas por las crecientes s\u00fabitas en estos municipios, la Gobernaci\u00f3n de Bol\u00edvar a trav\u00e9s de su Oficina Departamental de Gesti\u00f3n del Riesgo y Desastres, OGRD, actu\u00f3 de inmediato para acompa\u00f1ar y empezar a dar respuesta a las familias afectadas por esta emergencia.<\/p>\n<p>El gobernador de Bol\u00edvar, Vicente Antonio Blel Scaff, ha impartido todas las instrucciones y disposiciones de apoyo en el despliegue operativo para la atenci\u00f3n a las municipalidades y veredas afectadas, en las que se empez\u00f3 a trabajar en el levantamiento de informaci\u00f3n y evaluaci\u00f3n de da\u00f1os y afectaciones.<\/p>\n<p>Estas acciones se est\u00e1n realizando de manera articulada con los consejos municipales de Gesti\u00f3n de Riesgo activos y liderados por cada uno de los alcaldes y sus entidades del sistema municipal de gesti\u00f3n del Riesgo: Defensa Civil, Cruz Roja, Infanter\u00eda, Armada y Ejercito.<\/p>\n<p>En Arenal del Sur, los barrios Santa Rosa, Barrio Bajo, La Loma, San Antonio, Despertar, Dos de Enero, Pueblo Nuevo, La Invasi\u00f3n y parte de las zonas de veredas de la Sabana, El sereno, La Quebrada, son los que presentan inundaciones y alrededor de 910 familias afectadas.<\/p>\n<p>Un total de 120 familias de Noros\u00ed, en barrios de la cabecera municipal y una vereda, al igual que la poblaci\u00f3n de la vereda Arcadia del municipio de Morales, se encuentran en la misma situaci\u00f3n.<\/p>\n<p>El corregimiento Regense y sus veredas, en Montecristo, adem\u00e1s de las inundaciones, tambi\u00e9n se encuentra afectado por un deslizamiento presentado en la zona alta del municipio que deja aproximadamente 500 familias afectadas.<\/p>\n<p>\u201cEstamos donde m\u00e1s nos necesitan, sabemos que todas estas familias afectadas esperan, necesitan y merecen una respuesta pronta, por ello, ya estamos desde el territorio atendiendo esta dif\u00edcil situaci\u00f3n\u201d recalc\u00f3 el mandatario de los bolivarenses.<\/p>\n<p>Ariel Zambrano, director de OGRD del Departamento asegur\u00f3: \u201cel se\u00f1or gobernador a dispuesto a todo el equipo de apoyo del gobierno en coordinaci\u00f3n con la oficina de gesti\u00f3n del Riesgo para activar toda la asistencia humanitaria de rigor que se requiera para ello. Ya personal operativo est\u00e1 articulando con cada una de las entidades sistema departamental y de Unidad de Riesgo para as\u00ed darle pronta respuesta y soluci\u00f3n a estas comunidades que sufren hoy por estas afectaciones\u201d<\/p>\n<p>Desde la Administraci\u00f3n Departamental ya se activ\u00f3 la fase de respuesta y busca disponer de los recursos necesarios para activar la fase de recuperaci\u00f3n y rehabilitaci\u00f3n de estos territorios seg\u00fan lo vayan permitiendo las condiciones del sector.<\/p>\n","protected":false},"excerpt":{"rendered":"<p>Los municipios damnificados son Arenal del Sur, Noros\u00ed, Morales, Montecristo Ante las inundaciones ocasionadas por las crecientes s\u00fabitas en estos municipios, la Gobernaci\u00f3n de Bol\u00edvar a trav\u00e9s de su Oficina Departamental de Gesti\u00f3n del Riesgo y Desastres, OGRD, actu\u00f3 de inmediato para acompa\u00f1ar y empezar a dar respuesta a las familias afectadas por esta emergencia. El gobernador de Bol\u00edvar, Vicente Antonio Blel Scaff, ha impartido todas las instrucciones y disposiciones de apoyo en el despliegue operativo para la atenci\u00f3n a las municipalidades y veredas afectadas, en las que se empez\u00f3&#8230; <\/p>\n","protected":false},"author":3,"featured_media":36072,"comment_status":"closed","ping_status":"closed","sticky":false,"template":"","format":"standard","meta":{"footnotes":"","_links_to":"","_links_to_target":""},"categories":[33,80],"tags":[73,300],"class_list":["post-36071","post","type-post","status-publish","format-standard","has-post-thumbnail","hentry","category-actualidad-bolivar","category-region","tag-bolivar","tag-region"],"_links":{"self":[{"href":"https:\/\/revistazetta.com\/index.php?rest_route=\/wp\/v2\/posts\/36071","targetHints":{"allow":["GET"]}}],"collection":[{"href":"https:\/\/revistazetta.com\/index.php?rest_route=\/wp\/v2\/posts"}],"about":[{"href":"https:\/\/revistazetta.com\/index.php?rest_route=\/wp\/v2\/types\/post"}],"author":[{"embeddable":true,"href":"https:\/\/revistazetta.com\/index.php?rest_route=\/wp\/v2\/users\/3"}],"replies":[{"embeddable":true,"href":"https:\/\/revistazetta.com\/index.php?rest_route=%2Fwp%2Fv2%2Fcomments&post=36071"}],"version-history":[{"count":0,"href":"https:\/\/revistazetta.com\/index.php?rest_route=\/wp\/v2\/posts\/36071\/revisions"}],"wp:featuredmedia":[{"embeddable":true,"href":"https:\/\/revistazetta.com\/index.php?rest_route=\/wp\/v2\/media\/36072"}],"wp:attachment":[{"href":"https:\/\/revistazetta.com\/index.php?rest_route=%2Fwp%2Fv2%2Fmedia&parent=36071"}],"wp:term":[{"taxonomy":"category","embeddable":true,"href":"https:\/\/revistazetta.com\/index.php?rest_route=%2Fwp%2Fv2%2Fcategories&post=36071"},{"taxonomy":"post_tag","embeddable":true,"href":"https:\/\/revistazetta.com\/index.php?rest_route=%2Fwp%2Fv2%2Ftags&post=36071"}],"curies":[{"name":"wp","href":"https:\/\/api.w.org\/{rel}","templated":true}]}}