{"id":36091,"date":"2020-06-05T06:14:24","date_gmt":"2020-06-05T11:14:24","guid":{"rendered":"http:\/\/revistazetta.com\/?p=36091"},"modified":"2020-06-05T06:14:24","modified_gmt":"2020-06-05T11:14:24","slug":"demora-no-es-acumulacion-autoridades-sobre-recoleccion-de-cadaveres","status":"publish","type":"post","link":"https:\/\/revistazetta.com\/?p=36091","title":{"rendered":"Demora no es acumulaci\u00f3n: autoridades sobre recolecci\u00f3n de cad\u00e1veres"},"content":{"rendered":"<p>El Departamento Administrativo Distrital de Salud, DADIS, anunci\u00f3 que los rumores con respecto a la acumulaci\u00f3n de cad\u00e1veres en la ciudad de Cartagena no son ciertos, lo sucedido realmente fue una falta de comunicaci\u00f3n oportuna con las IPS y las empresas prestadoras de servicios funerarios.<\/p>\n<p>\u201cInicialmente existi\u00f3 un conflicto relacionado con el manejo de la informaci\u00f3n de los lineamientos establecidos por el Ministerio de Salud entre las funerarias, las IPS y los familiares que desconoc\u00edan el manejo para este tipo de situaci\u00f3n, afortunadamente ya se resolvieron todas las dudas y no tenemos cad\u00e1veres represados en ning\u00fan lugar\u201d, manifest\u00f3 Johana Bueno, directora (E) del DADIS.<\/p>\n<p>La funcionaria hizo \u00e9nfasis, adem\u00e1s, en que Cartagena inici\u00f3 la fase 3 del Plan de Expansi\u00f3n, lo que da un parte de tranquilidad a los ciudadanos en cuanto a la disponibilidad de camas para la atenci\u00f3n de pacientes COVID-19.<\/p>\n<p>\u201cActualmente tenemos una red hospitalaria con un porcentaje de ocupaci\u00f3n en el servicio de hospitalizaci\u00f3n general de un 65%, cuidados intermedios 69%, y UCI 78%. Estamos en el inicio de la tercera fase del Plan de Expansi\u00f3n, donde progresivamente iremos aumentando la capacidad instalada sobretodo en los servicios de UCI\u201d, agreg\u00f3.<\/p>\n<p>El DADIS dio a conocer que en Cartagena se inici\u00f3 con un n\u00famero de 120 pruebas por d\u00eda, a la fecha se est\u00e1n realizando 740. El d\u00eda que m\u00e1s muestras se procesaron fue el 31 de mayo con un total de 1700.<\/p>\n","protected":false},"excerpt":{"rendered":"<p>El Departamento Administrativo Distrital de Salud, DADIS, anunci\u00f3 que los rumores con respecto a la acumulaci\u00f3n de cad\u00e1veres en la ciudad de Cartagena no son ciertos, lo sucedido realmente fue una falta de comunicaci\u00f3n oportuna con las IPS y las empresas prestadoras de servicios funerarios. \u201cInicialmente existi\u00f3 un conflicto relacionado con el manejo de la informaci\u00f3n de los lineamientos establecidos por el Ministerio de Salud entre las funerarias, las IPS y los familiares que desconoc\u00edan el manejo para este tipo de situaci\u00f3n, afortunadamente ya se resolvieron todas las dudas y&#8230; <\/p>\n","protected":false},"author":3,"featured_media":0,"comment_status":"closed","ping_status":"closed","sticky":false,"template":"","format":"standard","meta":{"footnotes":"","_links_to":"","_links_to_target":""},"categories":[32],"tags":[296],"class_list":["post-36091","post","type-post","status-publish","format-standard","hentry","category-actualidad-distrito","tag-distrito"],"_links":{"self":[{"href":"https:\/\/revistazetta.com\/index.php?rest_route=\/wp\/v2\/posts\/36091","targetHints":{"allow":["GET"]}}],"collection":[{"href":"https:\/\/revistazetta.com\/index.php?rest_route=\/wp\/v2\/posts"}],"about":[{"href":"https:\/\/revistazetta.com\/index.php?rest_route=\/wp\/v2\/types\/post"}],"author":[{"embeddable":true,"href":"https:\/\/revistazetta.com\/index.php?rest_route=\/wp\/v2\/users\/3"}],"replies":[{"embeddable":true,"href":"https:\/\/revistazetta.com\/index.php?rest_route=%2Fwp%2Fv2%2Fcomments&post=36091"}],"version-history":[{"count":0,"href":"https:\/\/revistazetta.com\/index.php?rest_route=\/wp\/v2\/posts\/36091\/revisions"}],"wp:attachment":[{"href":"https:\/\/revistazetta.com\/index.php?rest_route=%2Fwp%2Fv2%2Fmedia&parent=36091"}],"wp:term":[{"taxonomy":"category","embeddable":true,"href":"https:\/\/revistazetta.com\/index.php?rest_route=%2Fwp%2Fv2%2Fcategories&post=36091"},{"taxonomy":"post_tag","embeddable":true,"href":"https:\/\/revistazetta.com\/index.php?rest_route=%2Fwp%2Fv2%2Ftags&post=36091"}],"curies":[{"name":"wp","href":"https:\/\/api.w.org\/{rel}","templated":true}]}}