{"id":36092,"date":"2020-06-05T06:28:02","date_gmt":"2020-06-05T11:28:02","guid":{"rendered":"http:\/\/revistazetta.com\/?p=36092"},"modified":"2020-06-05T06:39:26","modified_gmt":"2020-06-05T11:39:26","slug":"blel-activa-proteccion-para-juliana-ruiz-lider-de-tejedoras-de-mampujan-amenazada","status":"publish","type":"post","link":"https:\/\/revistazetta.com\/?p=36092","title":{"rendered":"Blel activa protecci\u00f3n para Juliana Ru\u00edz, l\u00edder de Tejedoras de Mampuj\u00e1n, amenazada"},"content":{"rendered":"<blockquote><p><strong>El gobernador Vicente Blel manifest\u00f3 su total descontento en contra de las amenazas a una de las art\u00edfices de la reconstrucci\u00f3n del tejido social en Bol\u00edvar, Juana Ruiz, representante de las Tejedoras de Mampujan en jurisdicci\u00f3n de Mar\u00edalabaja.<\/strong><\/p><\/blockquote>\n<p>A ra\u00edz de las amenazas sufridas por una de las l\u00edderes sociales del departamento, el gobernador de Bol\u00edvar, Vicente Blel Scaff, convoc\u00f3 para este viernes 5 de junio a un Consejo Extraordinario de Seguridad. El mandatario precis\u00f3 que todo el equipo de la Secretar\u00eda del Interior en articulaci\u00f3n con las fuerzas investigativas correspondientes tienen \u00f3rdenes de accionar y detectar a los autores de estos \u00faltimos hechos.<\/p>\n<p>El primer mandatario departamental asever\u00f3 que en Bol\u00edvar los hombres y mujeres l\u00edderes son objeto de protecci\u00f3n para el Gobierno. Y en ese orden expres\u00f3 que \u201cno se permitir\u00e1 bajo ninguna circunstancia ning\u00fan tipo de amenaza en su contra\u201d.<\/p>\n<p>\u201cCon toda la firmeza y rigurosidad llevaremos a todos los niveles la investigaci\u00f3n sobre las amenazas denunciadas por Juana Ruiz, embajadora de paz y tejedora de la vida.\u00a0Estaremos determinando protecci\u00f3n y supervisi\u00f3n del grupo de nuestras tejedoras de Mampujan. Continuaremos con un Consejo Extraordinario de Seguridad, contando con la asistencia de la propia Juana Ruiz, por pedido expreso nuestro y con la alcaldesa de la municipalidad, Raquel Sierra Cassiani y as\u00ed proseguiremos con acciones de respuesta y atenci\u00f3n inmediata\u00a0a esta situaci\u00f3n\u201d, agreg\u00f3 Blel Scaff.<\/p>\n<p>La convocatoria en materia de seguridad, especialmente para el caso de amenazas en contra de Juana Ruiz se efectuar\u00e1 este viernes a las 10:00 AM en Sala de Juntas del noveno piso del Centro Administrativo Departamental.<\/p>\n","protected":false},"excerpt":{"rendered":"<p>El gobernador Vicente Blel manifest\u00f3 su total descontento en contra de las amenazas a una de las art\u00edfices de la reconstrucci\u00f3n del tejido social en Bol\u00edvar, Juana Ruiz, representante de las Tejedoras de Mampujan en jurisdicci\u00f3n de Mar\u00edalabaja. A ra\u00edz de las amenazas sufridas por una de las l\u00edderes sociales del departamento, el gobernador de Bol\u00edvar, Vicente Blel Scaff, convoc\u00f3 para este viernes 5 de junio a un Consejo Extraordinario de Seguridad. El mandatario precis\u00f3 que todo el equipo de la Secretar\u00eda del Interior en articulaci\u00f3n con las fuerzas investigativas&#8230; <\/p>\n","protected":false},"author":3,"featured_media":36094,"comment_status":"closed","ping_status":"closed","sticky":false,"template":"","format":"standard","meta":{"footnotes":"","_links_to":"","_links_to_target":""},"categories":[80],"tags":[285,300],"class_list":["post-36092","post","type-post","status-publish","format-standard","has-post-thumbnail","hentry","category-region","tag-destacada","tag-region"],"_links":{"self":[{"href":"https:\/\/revistazetta.com\/index.php?rest_route=\/wp\/v2\/posts\/36092","targetHints":{"allow":["GET"]}}],"collection":[{"href":"https:\/\/revistazetta.com\/index.php?rest_route=\/wp\/v2\/posts"}],"about":[{"href":"https:\/\/revistazetta.com\/index.php?rest_route=\/wp\/v2\/types\/post"}],"author":[{"embeddable":true,"href":"https:\/\/revistazetta.com\/index.php?rest_route=\/wp\/v2\/users\/3"}],"replies":[{"embeddable":true,"href":"https:\/\/revistazetta.com\/index.php?rest_route=%2Fwp%2Fv2%2Fcomments&post=36092"}],"version-history":[{"count":0,"href":"https:\/\/revistazetta.com\/index.php?rest_route=\/wp\/v2\/posts\/36092\/revisions"}],"wp:featuredmedia":[{"embeddable":true,"href":"https:\/\/revistazetta.com\/index.php?rest_route=\/wp\/v2\/media\/36094"}],"wp:attachment":[{"href":"https:\/\/revistazetta.com\/index.php?rest_route=%2Fwp%2Fv2%2Fmedia&parent=36092"}],"wp:term":[{"taxonomy":"category","embeddable":true,"href":"https:\/\/revistazetta.com\/index.php?rest_route=%2Fwp%2Fv2%2Fcategories&post=36092"},{"taxonomy":"post_tag","embeddable":true,"href":"https:\/\/revistazetta.com\/index.php?rest_route=%2Fwp%2Fv2%2Ftags&post=36092"}],"curies":[{"name":"wp","href":"https:\/\/api.w.org\/{rel}","templated":true}]}}