{"id":36095,"date":"2020-06-05T07:30:29","date_gmt":"2020-06-05T12:30:29","guid":{"rendered":"http:\/\/revistazetta.com\/?p=36095"},"modified":"2020-06-05T07:44:09","modified_gmt":"2020-06-05T12:44:09","slug":"tic-otro-de-los-grandes-retos-que-tiene-el-distrito-de-cartagena-opinion-de-claudia-tinoco-padaui","status":"publish","type":"post","link":"https:\/\/revistazetta.com\/?p=36095","title":{"rendered":"TIC, otro de los grandes retos que tiene el Distrito de Cartagena \u2013 Opini\u00f3n de Claudia Tinoco Padau\u00ed"},"content":{"rendered":"<p><span style=\"color: #000080;\"><strong>Por Claudia Tinoco Padau\u00ed (Especial para Revista Zetta 20 a\u00f1os).- <\/strong><\/span>Muchas personas hablan de econom\u00eda, turismo, salud, pero, se les olvida que el mundo cambi\u00f3 y sobre todo a nivel tecnol\u00f3gico -bueno realmente lo viene haciendo desde hace varios a\u00f1os-.<\/p>\n<p>Poniendo lo anterior en contexto, me surge una gran pregunta \u00bfC\u00f3mo est\u00e1 Cartagena en materia TIC? \u00bfEsta preparada la ciudad, -en cabeza de la administraci\u00f3n distrital- para enfrentar el mundo digital? Lastimosamente, muchos mandatarios, servidores y funcionarios p\u00fablicos dejan a un lado la importancia de este tema.<\/p>\n<p>Para contextualizarlos un poco, la Alcald\u00eda de Cartagena no tiene implementada de forma adecuada la pol\u00edtica p\u00fablica de gobierno digital. Tanto es as\u00ed que no tiene un PETI -Plan Estrat\u00e9gico de Tecnolog\u00edas de la informaci\u00f3n- ni tampoco un plan de seguridad, documentos transversales para la correcta implementaci\u00f3n de la pol\u00edtica p\u00fablica, la cual, cabe aclarar que lleva m\u00e1s de 10 a\u00f1os en el pa\u00eds. As\u00ed mismo, no hay una Direcci\u00f3n, Secretaria Tic u oficina especializada que se encargue de este tema.<\/p>\n<p>Teniendo en cuenta el desafortunado panorama anterior, \u00bfc\u00f3mo pretende la administraci\u00f3n distrital enfrentar esta pandemia y lo que se viene desde el punto de vista tecnol\u00f3gico? Como tambi\u00e9n es necesario cuestionar \u00bfc\u00f3mo acceden los cartageneros a la App dispuesta por la Alcald\u00eda?<\/p>\n<p>Expreso lo anterior porque en un momento tan dif\u00edcil como este, donde muchos no tienen para el sustento diario, mucho menos tendr\u00e1n para un paquete de datos y aunque existen espacios abiertos y gratuitos para acceder a internet como las zonas wifi estas no est\u00e1n funcionando, en su gran mayor\u00eda est\u00e1n apagadas. As\u00ed como tambi\u00e9n, para el \u00e1rea educativa muchos Kioscos Vive Digital, Puntos Vive Digital y Vive Labs incluso, la falta de Computadores para Educar, que pueden servir de apoyo para el acceso a la educaci\u00f3n de la poblaci\u00f3n mas vulnerable en medio de esta crisis.<\/p>\n<p>Aludiendo al t\u00edtulo de este art\u00edculo, hay m\u00faltiples retos por enfrentar, pero este de gobierno digital es uno muy importante que no deber\u00eda dejarse a un lado, menos ahora que el uso de estas herramientas son fundamentales para enfrentar la crisis que deja el Covid-19. La tecnolog\u00eda siempre ser\u00e1 un buen aliado para la econom\u00eda, la salud, el turismo, la educaci\u00f3n, entre otras.<\/p>\n<p>El decreto 1008, -el cual, habla de la institucionalidad TIC- establece que los representantes legales de las entidades p\u00fablicas son los responsables de implementar la pol\u00edtica p\u00fablica de gobierno digital. Se\u00f1or William Dau: \u00bfUsted qu\u00e9 ha gestionado para ponerse al d\u00eda en esta materia? \u00bfEst\u00e1 usted en sinton\u00eda con MinTic y conoce todas las iniciativas y estrategias que esta entidad esta adelantando para el uso eficaz de estas herramientas tecnol\u00f3gicas?<\/p>\n<p>Mi invitaci\u00f3n y finalidad con lo expuesto anteriormente no es censurarlo, simplemente quiero recordarle que hay mucho por hacer en esta materia y que por la coyuntura hoy mas que nunca es necesario ponerse al d\u00eda con todas las falencias que tiene el Distrito de Cartagena en esta importante materia.<\/p>\n<p><span style=\"color: #800000;\"><strong>CLAUDIA TINOCO PADAUI<\/strong><\/span><\/p>\n<p><span style=\"color: #800000;\"><strong>Polit\u00f3loga, Magister en Gobierno y Pol\u00edticas P\u00fablicas. <\/strong><\/span><\/p>\n<p>&nbsp;<\/p>\n","protected":false},"excerpt":{"rendered":"<p>Por Claudia Tinoco Padau\u00ed (Especial para Revista Zetta 20 a\u00f1os).- Muchas personas hablan de econom\u00eda, turismo, salud, pero, se les olvida que el mundo cambi\u00f3 y sobre todo a nivel tecnol\u00f3gico -bueno realmente lo viene haciendo desde hace varios a\u00f1os-. Poniendo lo anterior en contexto, me surge una gran pregunta \u00bfC\u00f3mo est\u00e1 Cartagena en materia TIC? \u00bfEsta preparada la ciudad, -en cabeza de la administraci\u00f3n distrital- para enfrentar el mundo digital? Lastimosamente, muchos mandatarios, servidores y funcionarios p\u00fablicos dejan a un lado la importancia de este tema. Para contextualizarlos un&#8230; <\/p>\n","protected":false},"author":3,"featured_media":36096,"comment_status":"closed","ping_status":"closed","sticky":false,"template":"","format":"standard","meta":{"footnotes":"","_links_to":"","_links_to_target":""},"categories":[44,65],"tags":[288,289],"class_list":["post-36095","post","type-post","status-publish","format-standard","has-post-thumbnail","hentry","category-materiagris","category-opinion","tag-materia-gris","tag-opinion"],"_links":{"self":[{"href":"https:\/\/revistazetta.com\/index.php?rest_route=\/wp\/v2\/posts\/36095","targetHints":{"allow":["GET"]}}],"collection":[{"href":"https:\/\/revistazetta.com\/index.php?rest_route=\/wp\/v2\/posts"}],"about":[{"href":"https:\/\/revistazetta.com\/index.php?rest_route=\/wp\/v2\/types\/post"}],"author":[{"embeddable":true,"href":"https:\/\/revistazetta.com\/index.php?rest_route=\/wp\/v2\/users\/3"}],"replies":[{"embeddable":true,"href":"https:\/\/revistazetta.com\/index.php?rest_route=%2Fwp%2Fv2%2Fcomments&post=36095"}],"version-history":[{"count":0,"href":"https:\/\/revistazetta.com\/index.php?rest_route=\/wp\/v2\/posts\/36095\/revisions"}],"wp:featuredmedia":[{"embeddable":true,"href":"https:\/\/revistazetta.com\/index.php?rest_route=\/wp\/v2\/media\/36096"}],"wp:attachment":[{"href":"https:\/\/revistazetta.com\/index.php?rest_route=%2Fwp%2Fv2%2Fmedia&parent=36095"}],"wp:term":[{"taxonomy":"category","embeddable":true,"href":"https:\/\/revistazetta.com\/index.php?rest_route=%2Fwp%2Fv2%2Fcategories&post=36095"},{"taxonomy":"post_tag","embeddable":true,"href":"https:\/\/revistazetta.com\/index.php?rest_route=%2Fwp%2Fv2%2Ftags&post=36095"}],"curies":[{"name":"wp","href":"https:\/\/api.w.org\/{rel}","templated":true}]}}