{"id":36097,"date":"2020-06-06T08:03:03","date_gmt":"2020-06-06T13:03:03","guid":{"rendered":"http:\/\/revistazetta.com\/?p=36097"},"modified":"2020-06-06T08:03:26","modified_gmt":"2020-06-06T13:03:26","slug":"saber-escuchar-opinion-de-elias-barrios","status":"publish","type":"post","link":"https:\/\/revistazetta.com\/?p=36097","title":{"rendered":"Saber escuchar &#8211; Opini\u00f3n de El\u00edas Barrios"},"content":{"rendered":"<p><span style=\"color: #000080;\"><strong>Por El\u00edas Barrios (Especial para Revista Zetta 20 a\u00f1os).-<\/strong><\/span>\u00a0Ver una foto que se ha publicado en diferentes portales y en redes sociales, que muestra el estado deplorable del tan cacareado Puesto de Mando Unificado \u2013PMU- que se instal\u00f3 por parte de la Administraci\u00f3n Distrital en concordancia con el Gobierno Nacional, en uno de los barrios m\u00e1s afectados por el n\u00famero de personas contagiadas por Covid 19 en Cartagena, me anima a escribir esta columna.<br \/>\nLa foto describe la manera c\u00f3mo se ha enfrentado la pandemia en la ciudad, con acciones err\u00f3neas, sin una estrategia definida, con una t\u00edmida inversi\u00f3n, entre otras cosas que se\u00f1alan la falta de iniciativas por parte de quienes administran la ciudad.<br \/>\nSi bien es cierto que no tienen experiencia en Administraci\u00f3n P\u00fablica, y as\u00ed lo han aceptado seg\u00fan declaraciones donde dicen que comenten \u201cprimiparadas\u201d y \u201cerrores involuntarios\u201d, no se logra entender la raz\u00f3n para no apoyarse en ideas que han sugerido diferentes actores de la ciudad, que han sido p\u00fablicas y ampliamente conocidas en las redes sociales.<br \/>\nEntre las razones para no escucharlas que ya se han conocido por parte de la Administraci\u00f3n Distrital y que podr\u00edamos prever, es que quienes lanzan las ideas son \u201cmalandrines\u201d, solo buscan una OPS, trabajaron en las \u201ccorruptas administraciones anteriores\u201d, que hablan ahora y antes no lo hac\u00edan o alguna otra por ese estilo; pero \u00bfacaso todo eso importa, si la idea es buena y digna de aplicar para el bienestar de los cartageneros?<br \/>\nSin entrar a discutir si una de las ideas sea jur\u00eddica y presupuestalmente viable, eso le corresponde revisar a la Administraci\u00f3n y su equipo de trabajo, estas se pueden acoger para su an\u00e1lisis, ajuste y mejoramiento si es el caso, para su aplicaci\u00f3n sin tener en cuenta su origen, toda vez que sus autores las hacen p\u00fablicas.<br \/>\nA manera de ejemplo, sin citar su autor a quien no le cae alguno de los se\u00f1alamientos anteriores y para ser concordante con lo que expreso en el texto, recientemente un reconocido dirigente pol\u00edtico cartagenero propuso en redes sociales, que entre \u201calcaldes y gobernadores del pa\u00eds, podr\u00edan liderar un proyecto conjunto para destinar los recursos de sus regal\u00edas al pago de servicios p\u00fablicos de todos los estratos\u201d. Repito, am\u00e9n del autor \u00bfno amerita que se analice la viabilidad de esa idea y buscar la manera de llevarla a cabo? Ser\u00eda un alivio para el bolsillo de los cartageneros.<br \/>\nOtro dirigente gremial trin\u00f3: \u201cTan f\u00e1cil que era imitar a Medell\u00edn para evitar muertes\u2026\u201d. Siendo la capital de Antioquia un ejemplo en el manejo de la pandemia \u00bfno ameritar\u00eda revisar su trabajo por parte del Equipo de Gobierno a ver si algo de eso se puede replicar con \u00e9xito en Cartagena? Como dice un adagio popular: \u201cNo s\u00e9 hacer pasteles pero s\u00e9 qui\u00e9n los hace muy buenos\u201d.<br \/>\nY puedo seguir citando ejemplos de buenas ideas que han expresado personas en redes sociales, gratis, con o sin intenci\u00f3n de tener una OPS como dicen, sean \u201cmalandrines\u201d o no, solo con el \u00e1nimo de aportar, o con cualquier intenci\u00f3n; total lo importante es tener la humildad y el liderazgo suficiente para saber escuchar ideas que adem\u00e1s pueden ayudar a evitar los \u201cerrores involuntarios\u201d y las \u201cprimiparadas\u201d que no detienen el aumento de las cifras de muertes y contagios en Cartagena.<\/p>\n<p>El\u00edas Barrios Tous<br \/>\nComunicador Social &#8211; Periodista<br \/>\nTwitter: @EliasBarrios3<\/p>\n","protected":false},"excerpt":{"rendered":"<p>Por El\u00edas Barrios (Especial para Revista Zetta 20 a\u00f1os).-\u00a0Ver una foto que se ha publicado en diferentes portales y en redes sociales, que muestra el estado deplorable del tan cacareado Puesto de Mando Unificado \u2013PMU- que se instal\u00f3 por parte de la Administraci\u00f3n Distrital en concordancia con el Gobierno Nacional, en uno de los barrios m\u00e1s afectados por el n\u00famero de personas contagiadas por Covid 19 en Cartagena, me anima a escribir esta columna. La foto describe la manera c\u00f3mo se ha enfrentado la pandemia en la ciudad, con acciones&#8230; <\/p>\n","protected":false},"author":3,"featured_media":36098,"comment_status":"closed","ping_status":"closed","sticky":false,"template":"","format":"standard","meta":{"footnotes":"","_links_to":"","_links_to_target":""},"categories":[44,65],"tags":[288,289],"class_list":["post-36097","post","type-post","status-publish","format-standard","has-post-thumbnail","hentry","category-materiagris","category-opinion","tag-materia-gris","tag-opinion"],"_links":{"self":[{"href":"https:\/\/revistazetta.com\/index.php?rest_route=\/wp\/v2\/posts\/36097","targetHints":{"allow":["GET"]}}],"collection":[{"href":"https:\/\/revistazetta.com\/index.php?rest_route=\/wp\/v2\/posts"}],"about":[{"href":"https:\/\/revistazetta.com\/index.php?rest_route=\/wp\/v2\/types\/post"}],"author":[{"embeddable":true,"href":"https:\/\/revistazetta.com\/index.php?rest_route=\/wp\/v2\/users\/3"}],"replies":[{"embeddable":true,"href":"https:\/\/revistazetta.com\/index.php?rest_route=%2Fwp%2Fv2%2Fcomments&post=36097"}],"version-history":[{"count":0,"href":"https:\/\/revistazetta.com\/index.php?rest_route=\/wp\/v2\/posts\/36097\/revisions"}],"wp:featuredmedia":[{"embeddable":true,"href":"https:\/\/revistazetta.com\/index.php?rest_route=\/wp\/v2\/media\/36098"}],"wp:attachment":[{"href":"https:\/\/revistazetta.com\/index.php?rest_route=%2Fwp%2Fv2%2Fmedia&parent=36097"}],"wp:term":[{"taxonomy":"category","embeddable":true,"href":"https:\/\/revistazetta.com\/index.php?rest_route=%2Fwp%2Fv2%2Fcategories&post=36097"},{"taxonomy":"post_tag","embeddable":true,"href":"https:\/\/revistazetta.com\/index.php?rest_route=%2Fwp%2Fv2%2Ftags&post=36097"}],"curies":[{"name":"wp","href":"https:\/\/api.w.org\/{rel}","templated":true}]}}