{"id":36100,"date":"2020-06-06T08:53:50","date_gmt":"2020-06-06T13:53:50","guid":{"rendered":"http:\/\/revistazetta.com\/?p=36100"},"modified":"2020-06-06T08:53:50","modified_gmt":"2020-06-06T13:53:50","slug":"gobierno-implementa-nuevos-alivios-tributarios-y-economicos-para-el-sector-cultura","status":"publish","type":"post","link":"https:\/\/revistazetta.com\/?p=36100","title":{"rendered":"Gobierno implementa nuevos alivios tributarios y econ\u00f3micos para el sector cultura"},"content":{"rendered":"<div>Atendiendo la situaci\u00f3n generada por el covid-19, el Gobierno Nacional expidi\u00f3 el Decreto 818 de 2020, que determina 6 alivios tributarios y econ\u00f3micos para la mitigaci\u00f3n del impacto de la pandemia en el sector cultura.<\/div>\n<div><\/div>\n<div>Esta reglamentaci\u00f3n se suma a las medidas adoptadas durante la emergencia sanitaria, con el fin de facilitar la continuidad de las actividades y agendas locales de cultura en el pa\u00eds.<\/div>\n<div><\/div>\n<div>A prop\u00f3sito de esta reglamentaci\u00f3n, Ximena Tapias, presidenta de la Uni\u00f3n Colombiana de Empresas Publicitarias (UCEP), expresa: &#8216;Destacamos el compromiso y la dedicaci\u00f3n del Gobierno, y recibimos con complacencia la expedici\u00f3n del decreto 818 de 2020, que representa un alivio significativo en la caja de las empresas de publicidad y medios para superar la crisis de la covid-19 en la industria&#8217;.<\/div>\n<div><\/div>\n<div>A trav\u00e9s de esta medida se determina la disminuci\u00f3n del 11% al 4% de la tarifa de retenci\u00f3n en la fuente para actividades culturales y creativas, que aplica entre el 1 de julio de 2020 y el 31 de junio de 2021, lo cual representa un esfuerzo fiscal de 310 mil millones de pesos.<\/div>\n<div><\/div>\n<div>A este incentivo se suman 27 actividades de inclusi\u00f3n total de la Cuenta Sat\u00e9lite de Cultura y Econom\u00eda Naranja del DANE, entre las que se cuentan edici\u00f3n de libros y publicaciones peri\u00f3dicas; distribuci\u00f3n y exhibici\u00f3n pel\u00edculas cinematogr\u00e1ficas y videos; programaci\u00f3n y transmisi\u00f3n en el servicio de radiodifusi\u00f3n; programaci\u00f3n y transmisi\u00f3n de televisi\u00f3n; creaci\u00f3n cultural, literaria, musical y teatral; actividades de fotograf\u00eda; actividades de espect\u00e1culos en vivo, y actividades de bibliotecas y archivos, entre otros.<\/div>\n<div><\/div>\n<div>El Decreto 818 de 2020 se\u00f1ala, adem\u00e1s, que no estar\u00e1n sujetos a retenci\u00f3n en la fuente sobre el pago o abono en cuenta los est\u00edmulos p\u00fablicos culturales otorgados por el Ministerio de Cultura; entidades departamentales, municipales y distritales responsables de la cultura, y el Fondo de Desarrollo Cinematogr\u00e1fico (Ley 814 de 2003).<\/div>\n<div><\/div>\n<div>Tambi\u00e9n se excluye del pago de IVA los servicios art\u00edsticos para la realizaci\u00f3n de producciones audiovisuales de espect\u00e1culos p\u00fablicos de las artes esc\u00e9nicas, entre el 1 de julio de 2020 y el 30 de junio de 2021.<\/div>\n<div><\/div>\n<div>As\u00ed mismo, se ampl\u00edan los plazos para la declaraci\u00f3n y el pago de la contribuci\u00f3n parafiscal de espect\u00e1culos p\u00fablicos de artes esc\u00e9nicas, correspondiente a la venta de boleter\u00eda y entrega de derechos de asistencia que se realice con corte al 31 de diciembre de 2020, hasta el 30 de marzo de 2021.<\/div>\n<div><\/div>\n<div>Como parte de los alivios tributarios anunciados a trav\u00e9s de esta medida, se contempla el reembolso o devoluci\u00f3n por venta de boleter\u00eda y derechos de asistencia a espect\u00e1culos p\u00fablicos de las artes esc\u00e9nicas cancelados, aplazados o reprogramados.<\/div>\n<div><\/div>\n<div>Finalmente, se determina que los productores ocasionales de espect\u00e1culos p\u00fablicos de las artes esc\u00e9nicas no estar\u00e1n obligados a constituir las p\u00f3lizas para amparar el pago de la contribuci\u00f3n parafiscal cultural.<\/div>\n<div><\/div>\n<div>Esto aplica para eventos que realicen hasta el 30 de septiembre de 2021, siempre y cuando la venta de boleter\u00eda y entrega de derechos de asistencia se realice a trav\u00e9s de un operador de boleter\u00eda con autorizaci\u00f3n vigente otorgada por el Ministerio de Cultura.<\/div>\n<div><\/div>\n<div>De esta manera, el Gobierno Nacional reafirma su compromiso con los artistas, creadores y gestores culturales del pa\u00eds, y continuar\u00e1 analizando nuevas alternativas que contribuyan a mitigar el impacto de la emergencia sanitaria por el covid-19 en el sector cultura.<\/div>\n","protected":false},"excerpt":{"rendered":"<p>Atendiendo la situaci\u00f3n generada por el covid-19, el Gobierno Nacional expidi\u00f3 el Decreto 818 de 2020, que determina 6 alivios tributarios y econ\u00f3micos para la mitigaci\u00f3n del impacto de la pandemia en el sector cultura. Esta reglamentaci\u00f3n se suma a las medidas adoptadas durante la emergencia sanitaria, con el fin de facilitar la continuidad de las actividades y agendas locales de cultura en el pa\u00eds. A prop\u00f3sito de esta reglamentaci\u00f3n, Ximena Tapias, presidenta de la Uni\u00f3n Colombiana de Empresas Publicitarias (UCEP), expresa: &#8216;Destacamos el compromiso y la dedicaci\u00f3n del Gobierno,&#8230; <\/p>\n","protected":false},"author":3,"featured_media":0,"comment_status":"closed","ping_status":"closed","sticky":false,"template":"","format":"standard","meta":{"footnotes":"","_links_to":"","_links_to_target":""},"categories":[41],"tags":[290],"class_list":["post-36100","post","type-post","status-publish","format-standard","hentry","category-cultura","tag-cultura"],"_links":{"self":[{"href":"https:\/\/revistazetta.com\/index.php?rest_route=\/wp\/v2\/posts\/36100","targetHints":{"allow":["GET"]}}],"collection":[{"href":"https:\/\/revistazetta.com\/index.php?rest_route=\/wp\/v2\/posts"}],"about":[{"href":"https:\/\/revistazetta.com\/index.php?rest_route=\/wp\/v2\/types\/post"}],"author":[{"embeddable":true,"href":"https:\/\/revistazetta.com\/index.php?rest_route=\/wp\/v2\/users\/3"}],"replies":[{"embeddable":true,"href":"https:\/\/revistazetta.com\/index.php?rest_route=%2Fwp%2Fv2%2Fcomments&post=36100"}],"version-history":[{"count":0,"href":"https:\/\/revistazetta.com\/index.php?rest_route=\/wp\/v2\/posts\/36100\/revisions"}],"wp:attachment":[{"href":"https:\/\/revistazetta.com\/index.php?rest_route=%2Fwp%2Fv2%2Fmedia&parent=36100"}],"wp:term":[{"taxonomy":"category","embeddable":true,"href":"https:\/\/revistazetta.com\/index.php?rest_route=%2Fwp%2Fv2%2Fcategories&post=36100"},{"taxonomy":"post_tag","embeddable":true,"href":"https:\/\/revistazetta.com\/index.php?rest_route=%2Fwp%2Fv2%2Ftags&post=36100"}],"curies":[{"name":"wp","href":"https:\/\/api.w.org\/{rel}","templated":true}]}}