{"id":36134,"date":"2020-06-10T10:41:39","date_gmt":"2020-06-10T15:41:39","guid":{"rendered":"http:\/\/revistazetta.com\/?p=36134"},"modified":"2020-06-10T10:41:39","modified_gmt":"2020-06-10T15:41:39","slug":"centros-comerciales-invirtieron-600-millones-y-estan-listos-para-reapertura","status":"publish","type":"post","link":"https:\/\/revistazetta.com\/?p=36134","title":{"rendered":"Centros comerciales invirtieron $600 millones y est\u00e1n listos para reapertura"},"content":{"rendered":"<p>Los centros comerciales de Cartagena dijeron haber tomado las medidas necesarias para garantizar la salud y seguridad de empleados y visitantes. As\u00ed se evidenci\u00f3 en encuesta aplicada por Fenalco Bol\u00edvar, la que tambi\u00e9n revela datos sobre empleo y situaci\u00f3n de los locatarios.<\/p>\n<p>Las inversiones en la implementaci\u00f3n de protocolos en los centros comerciales y locatarios en la ciudad de Cartagena superan $600 millones. Todos los centros comerciales han construido los protocolos de bioseguridad; as\u00ed mismo, el 98% de los locatarios tiene conocimiento y est\u00e1 consciente de la importancia de la implementaci\u00f3n y cumplimiento de los protocolos, 85% tienen listos o empez\u00f3 el proceso de construcci\u00f3n de protocolos.<\/p>\n<p>Antes de la emergencia por Covid, el 99% de los locales e islas de los centros comerciales se encontraban ocupados, desde el anuncio de la primera cuarentena la actividad disminuy\u00f3 considerablemente y hoy se encuentran operando solo un 15%de los locales. Los pasajes comerciales, que tambi\u00e9n suman una din\u00e1mica comercial, se encuentran cerrados en su totalidad al no alojar actividades de las que hoy se encuentran exentas.<\/p>\n<p>El 50% de los negocios en los centros comerciales son peque\u00f1as empresas, 30% microempresas, 14% son empresas medianas y el 6% se clasifican como grandes.<\/p>\n<p>M\u00e1s de 7.000 empleos, entre directos y suministrados, son generados por las administraciones y locatarios de centros comerciales, cifra que en fechas especiales y temporadas es superada por la vinculaci\u00f3n de personal temporal.<\/p>\n<p>Con relaci\u00f3n a los empleados que se encontraban vinculados al 29 de febrero, 89% a\u00fan mantienen sus contratos, pero s\u00f3lo el 30% de estos est\u00e1 ejerciendo alg\u00fan tipo de actividad. Manifiesta 33% de los locatarios que de extenderse la cuarentena definitivamente despedir\u00eda personal y un 26% reducir\u00eda salarios. Con la reapertura de los centros comerciales, muchos empleos se salvar\u00edan, 90% de los que est\u00e1n cesantes regresar\u00edan a sus labores.<\/p>\n<p>Desde que empez\u00f3 el aislamiento preventivo obligatorio, 53% de los locatarios vieron disminuir sus ventas diarias hasta en un 100%, un 23% asegura que estas cayeron entre un 80% y 90%. Ante tal situaci\u00f3n, 70% de los comerciantes han implementado nuevas formas de comercializaci\u00f3n, fortaleciendo sus servicios a trav\u00e9s de canales propios como redes sociales, p\u00e1ginas web y WhatsApp.<\/p>\n<p>Ante la disminuci\u00f3n de ingresos, 82% de los locatarios expresan que ya no tienen como sostener la operaci\u00f3n. De extenderse la cuarentena, 28% definitivamente liquidar\u00e1 la empresa y 25% anuncia cierres temporales, importante resaltar que hay empresarios que siguen apostando por mantener sus negocios a flote; 26% mantendr\u00e1 las ventas on line y 15% seguir\u00e1 despachando domicilios.<\/p>\n<p>De las ayudas que el gobierno ha anunciado 75% dice conocerlas. De estos el 52% accedi\u00f3 al PAEF.<\/p>\n<p>En reuni\u00f3n convocada por Fenalco a los gerentes de centros comerciales y sus locatarios, estos aseguraron estar listos para la reapertura y apoyaron la petici\u00f3n de Fenalco al Distrito de hacer visitas para evidenciar las medidas e implementaci\u00f3n de protocolos. Invitaron que sean vistos como aliados estrat\u00e9gicos para la difusi\u00f3n de informaci\u00f3n y desarrollo de las campa\u00f1as por parte del distrito y otras entidades, ya que son generadores de tr\u00e1fico de personas al agrupar diversas actividades econ\u00f3micas de las que hoy est\u00e1n exceptuadas, al darse la reapertura y permitir un aforo mayor ser\u00e1n un canal importante de informaci\u00f3n a la ciudadan\u00eda.<\/p>\n<p>\u201cEste sector del comercio que ha estado duramente golpeado durante estos dos meses y medio, sin la posibilidad de un flujo de caja que permita sostener gastos como nomina, arriendo, servicios, entre otros; ha venido prepar\u00e1ndose para garantizar a empleados y visitantes un retorno seguro con las medidas y la implementaci\u00f3n de los protocolos de bioseguridad. Tenemos la confianza que a partir del 15 de junio los centros comerciales de la ciudad podr\u00e1n empezar el proceso de reapertura gradual e inteligente aprovechando a la vez, la primera fecha de los d\u00edas sin IVA\u201d, dijo Patricia Osorio, directora ejecutiva de Fenalco Bol\u00edvar.<\/p>\n<p>Osorio se\u00f1al\u00f3 que Fenalco ha desarrollado una serie de estrategias con el fin de apoyar el comercio entre ellas, #YoApoyoElComercioLocal #ElComercioSePrepara y #YoMeQuedoEnMiNegocio<\/p>\n","protected":false},"excerpt":{"rendered":"<p>Los centros comerciales de Cartagena dijeron haber tomado las medidas necesarias para garantizar la salud y seguridad de empleados y visitantes. As\u00ed se evidenci\u00f3 en encuesta aplicada por Fenalco Bol\u00edvar, la que tambi\u00e9n revela datos sobre empleo y situaci\u00f3n de los locatarios. Las inversiones en la implementaci\u00f3n de protocolos en los centros comerciales y locatarios en la ciudad de Cartagena superan $600 millones. Todos los centros comerciales han construido los protocolos de bioseguridad; as\u00ed mismo, el 98% de los locatarios tiene conocimiento y est\u00e1 consciente de la importancia de la&#8230; <\/p>\n","protected":false},"author":3,"featured_media":36135,"comment_status":"closed","ping_status":"closed","sticky":false,"template":"","format":"standard","meta":{"footnotes":"","_links_to":"","_links_to_target":""},"categories":[3,50],"tags":[292,306],"class_list":["post-36134","post","type-post","status-publish","format-standard","has-post-thumbnail","hentry","category-ciudad","category-empresa","tag-ciudad","tag-empresa"],"_links":{"self":[{"href":"https:\/\/revistazetta.com\/index.php?rest_route=\/wp\/v2\/posts\/36134","targetHints":{"allow":["GET"]}}],"collection":[{"href":"https:\/\/revistazetta.com\/index.php?rest_route=\/wp\/v2\/posts"}],"about":[{"href":"https:\/\/revistazetta.com\/index.php?rest_route=\/wp\/v2\/types\/post"}],"author":[{"embeddable":true,"href":"https:\/\/revistazetta.com\/index.php?rest_route=\/wp\/v2\/users\/3"}],"replies":[{"embeddable":true,"href":"https:\/\/revistazetta.com\/index.php?rest_route=%2Fwp%2Fv2%2Fcomments&post=36134"}],"version-history":[{"count":0,"href":"https:\/\/revistazetta.com\/index.php?rest_route=\/wp\/v2\/posts\/36134\/revisions"}],"wp:featuredmedia":[{"embeddable":true,"href":"https:\/\/revistazetta.com\/index.php?rest_route=\/wp\/v2\/media\/36135"}],"wp:attachment":[{"href":"https:\/\/revistazetta.com\/index.php?rest_route=%2Fwp%2Fv2%2Fmedia&parent=36134"}],"wp:term":[{"taxonomy":"category","embeddable":true,"href":"https:\/\/revistazetta.com\/index.php?rest_route=%2Fwp%2Fv2%2Fcategories&post=36134"},{"taxonomy":"post_tag","embeddable":true,"href":"https:\/\/revistazetta.com\/index.php?rest_route=%2Fwp%2Fv2%2Ftags&post=36134"}],"curies":[{"name":"wp","href":"https:\/\/api.w.org\/{rel}","templated":true}]}}