{"id":3619,"date":"2014-11-06T18:41:45","date_gmt":"2014-11-06T23:41:45","guid":{"rendered":"http:\/\/www.revistazetta.com\/?p=3619"},"modified":"2014-11-07T08:41:48","modified_gmt":"2014-11-07T13:41:48","slug":"imputacion-fiscal-por-1-661-millones-a-alberto-bernal-jose-julian-vasquez-y-otros","status":"publish","type":"post","link":"https:\/\/revistazetta.com\/?p=3619","title":{"rendered":"Imputaci\u00f3n fiscal por $1.661 millones a Alberto Bernal, Jos\u00e9 Juli\u00e1n V\u00e1squez y otros"},"content":{"rendered":"<div id=\"attachment_3625\" style=\"width: 250px\" class=\"wp-caption alignright\"><a href=\"https:\/\/www.revistazetta.com\/wp-content\/uploads\/2014\/11\/WAlberto-Bernal.jpg\"><img loading=\"lazy\" decoding=\"async\" aria-describedby=\"caption-attachment-3625\" class=\"size-medium wp-image-3625 \" alt=\"WAlberto Bernal\" src=\"https:\/\/www.revistazetta.com\/wp-content\/uploads\/2014\/11\/WAlberto-Bernal-240x300.jpg\" width=\"240\" height=\"300\" srcset=\"https:\/\/revistazetta.com\/wp-content\/uploads\/2014\/11\/WAlberto-Bernal-240x300.jpg 240w, https:\/\/revistazetta.com\/wp-content\/uploads\/2014\/11\/WAlberto-Bernal.jpg 480w\" sizes=\"auto, (max-width: 240px) 100vw, 240px\" \/><\/a><p id=\"caption-attachment-3625\" class=\"wp-caption-text\">Alberto Bernal, ex gobernador.<\/p><\/div>\n<p>Revista Zetta tuvo acceso a la imputaci\u00f3n, que est\u00e1 contemplada en el proceso 846 y obedece a dos casos. El primero por el doble pago irregular de una indemnizaci\u00f3n a un exfuncionario de la cl\u00ednica Rafael Calvo, y el segundo por la cancelaci\u00f3n de unas acreencias laborales en un caso que estaba en apelaci\u00f3n, la cual determin\u00f3 que no hab\u00eda lugar a dicho pago.<\/p>\n<p>Por el primer caso, en el que result\u00f3 beneficiado el trabajador Luis Alberto Garc\u00eda Chac\u00f3n, est\u00e1n encartados el ex gobernador Bernal as\u00ed como sus secretarios de Hacienda Felipe Merlano de la Ossa y William Valderrama, quien actualmente ocupa ese cargo de nuevo; el ex director Jur\u00eddico Jos\u00e9 Juli\u00e1n V\u00e1squez, que en uno de los pagos actu\u00f3 como gobernador encargado, y el liquidador Humberto del R\u00edo.<\/p>\n<p>Por el segundo proceso tambi\u00e9n est\u00e1 encartado Bernal as\u00ed como Valderrama y el coordinador de la unidad de procesos judiciales de entonces, Jair Tu\u00f1\u00f3n. Aqu\u00ed se trat\u00f3 de una demanda laboral colectiva presentada por maestros en Mompox.<\/p>\n<div id=\"attachment_3624\" style=\"width: 250px\" class=\"wp-caption alignleft\"><a href=\"https:\/\/www.revistazetta.com\/wp-content\/uploads\/2014\/11\/Jos\u00e9-Juli\u00e1n-11.jpg\"><img loading=\"lazy\" decoding=\"async\" aria-describedby=\"caption-attachment-3624\" class=\"size-medium wp-image-3624 \" alt=\"Jos\u00e9 Juli\u00e1n 1\" src=\"https:\/\/www.revistazetta.com\/wp-content\/uploads\/2014\/11\/Jos\u00e9-Juli\u00e1n-11-240x300.jpg\" width=\"240\" height=\"300\" srcset=\"https:\/\/revistazetta.com\/wp-content\/uploads\/2014\/11\/Jos\u00e9-Juli\u00e1n-11-240x300.jpg 240w, https:\/\/revistazetta.com\/wp-content\/uploads\/2014\/11\/Jos\u00e9-Juli\u00e1n-11.jpg 480w\" sizes=\"auto, (max-width: 240px) 100vw, 240px\" \/><\/a><p id=\"caption-attachment-3624\" class=\"wp-caption-text\">Jos\u00e9 Juli\u00e1n V\u00e1squez, ex director jur\u00eddico.<\/p><\/div>\n<p>El Consejo de Estado orden\u00f3 el reintegro del ex tesorero de la Cl\u00ednica Rafael Calvo, Luis Alberto Garc\u00eda Chac\u00f3n, quien hab\u00eda sido desvinculado en la administraci\u00f3n de Miguel Raad Hern\u00e1ndez. Seg\u00fan la investigaci\u00f3n de la Contralor\u00eda Departamental, se efectuaron pagos irregulares por indemnizaci\u00f3n y emolumentos que no correspond\u00edan.<\/p>\n<p>Entre 2001 y 2002 se le hicieron pagos por $128 millones y se orden\u00f3 su reintegro, pero en el transcurso del tiempo dicha revinculaci\u00f3n no se efectu\u00f3. En 2009, por resoluci\u00f3n N\u00ba835, firmada por Jos\u00e9 Juli\u00e1n V\u00e1squez como gobernador encargado, le pagaron unos dineros, y en 2010 volvi\u00f3 a pagarse por orden del gobernador Alberto Bernal. Esta acreencia tambi\u00e9n qued\u00f3 incluida en la ley 550. En total se desembolsaron $863 millones.<\/p>\n<p><b>Caso proceso de Mompox<\/b><\/p>\n<p>El segundo caso tiene mayor gravedad, de confirmarse la imputaci\u00f3n de la Contralor\u00eda Departamental.<\/p>\n<div id=\"attachment_3626\" style=\"width: 250px\" class=\"wp-caption alignright\"><a href=\"https:\/\/www.revistazetta.com\/wp-content\/uploads\/2014\/11\/William-Valderrama.jpg\"><img loading=\"lazy\" decoding=\"async\" aria-describedby=\"caption-attachment-3626\" class=\"size-medium wp-image-3626 \" alt=\"William Valderrama\" src=\"https:\/\/www.revistazetta.com\/wp-content\/uploads\/2014\/11\/William-Valderrama-240x300.jpg\" width=\"240\" height=\"300\" srcset=\"https:\/\/revistazetta.com\/wp-content\/uploads\/2014\/11\/William-Valderrama-240x300.jpg 240w, https:\/\/revistazetta.com\/wp-content\/uploads\/2014\/11\/William-Valderrama.jpg 480w\" sizes=\"auto, (max-width: 240px) 100vw, 240px\" \/><\/a><p id=\"caption-attachment-3626\" class=\"wp-caption-text\">William Valderrama, sec. Hacienda.<\/p><\/div>\n<p>En 2007 se adelant\u00f3 un proceso ordinario laboral por parte de 25 maestros, radicado en el juzgado Primero Promiscuo de Mompox, reclamando prestaciones y obligaciones laborales.<\/p>\n<p>El fallo result\u00f3 adverso al Departamento de Bol\u00edvar y se orden\u00f3 pagar $700 millones, aproximadamente.<\/p>\n<p>La Gobernaci\u00f3n recurri\u00f3 la decisi\u00f3n en reposici\u00f3n, pero el juzgado la neg\u00f3, y, como si fuera poco, no concedi\u00f3 apelaci\u00f3n. Por esa raz\u00f3n, el Departamento interpuso un recurso de queja ante el Tribunal Superior, pero extra\u00f1amente se extravi\u00f3 el expediente.<\/p>\n<p>Una vez reconstruido, el Tribunal Superior orden\u00f3 al juzgado conceder la apelaci\u00f3n. En esas circunstancias, el funcionario Jair Tu\u00f1\u00f3n expidi\u00f3 una certificaci\u00f3n donde expresa que este proceso est\u00e1 ejecutoriado. El 7 de diciembre de 2010 se pagan $797.774.979\u00ba\u00ba, pero la apelaci\u00f3n realmente no estaba resuelta.<\/p>\n<p>La apelaci\u00f3n correspondi\u00f3 al Tribunal Regional de Descongesti\u00f3n de Santa Marta, que el 30 de noviembre de 2012 decidi\u00f3 la apelaci\u00f3n a favor de la Gobernaci\u00f3n de Bol\u00edvar y revoc\u00f3 la sentencia que hab\u00eda ordenado el pago.<\/p>\n<div id=\"attachment_3620\" style=\"width: 250px\" class=\"wp-caption alignleft\"><a href=\"https:\/\/www.revistazetta.com\/wp-content\/uploads\/2014\/11\/Felipe-Merlano.jpg\"><img loading=\"lazy\" decoding=\"async\" aria-describedby=\"caption-attachment-3620\" class=\"size-medium wp-image-3620 \" alt=\"Felipe Merlano\" src=\"https:\/\/www.revistazetta.com\/wp-content\/uploads\/2014\/11\/Felipe-Merlano-240x300.jpg\" width=\"240\" height=\"300\" srcset=\"https:\/\/revistazetta.com\/wp-content\/uploads\/2014\/11\/Felipe-Merlano-240x300.jpg 240w, https:\/\/revistazetta.com\/wp-content\/uploads\/2014\/11\/Felipe-Merlano.jpg 480w\" sizes=\"auto, (max-width: 240px) 100vw, 240px\" \/><\/a><p id=\"caption-attachment-3620\" class=\"wp-caption-text\">Felipe Merlano, ex sec. Hacienda.<\/p><\/div>\n<p>Este auto de imputaci\u00f3n formulado por la Contralor\u00eda Departamental de Bol\u00edvar significa que se ha concluido el periodo probatorio, y es el equivalente a un pliego de cargos de la Procuradur\u00eda. Esta decisi\u00f3n no admite recurso en contra.<\/p>\n<p>Los encartados, una vez notificados, tienen 10 d\u00edas h\u00e1biles para presentar descargos, y luego 30 d\u00edas m\u00e1s h\u00e1biles para la pr\u00e1ctica de pruebas. Por tratarse de varias personas, esta etapa puede concluir en el primer semestre del pr\u00f3ximo a\u00f1o.<\/p>\n<p>Dado que podr\u00edan existir conductas disciplinarias o penales, la Contralor\u00eda Departamental compulsar\u00e1 copia a la Procuradur\u00eda General de la Naci\u00f3n y a la Fiscal\u00eda General de la Naci\u00f3n para lo de su competencia.<\/p>\n","protected":false},"excerpt":{"rendered":"<p>Revista Zetta tuvo acceso a la imputaci\u00f3n, que est\u00e1 contemplada en el proceso 846 y obedece a dos casos. El primero por el doble pago irregular de una indemnizaci\u00f3n a un exfuncionario de la cl\u00ednica Rafael Calvo, y el segundo por la cancelaci\u00f3n de unas acreencias laborales en un caso que estaba en apelaci\u00f3n, la cual determin\u00f3 que no hab\u00eda lugar a dicho pago. Por el primer caso, en el que result\u00f3 beneficiado el trabajador Luis Alberto Garc\u00eda Chac\u00f3n, est\u00e1n encartados el ex gobernador Bernal as\u00ed como sus secretarios de&#8230; <\/p>\n","protected":false},"author":3,"featured_media":3638,"comment_status":"closed","ping_status":"closed","sticky":false,"template":"","format":"standard","meta":{"footnotes":"","_links_to":"","_links_to_target":""},"categories":[2,33],"tags":[],"class_list":["post-3619","post","type-post","status-publish","format-standard","has-post-thumbnail","hentry","category-actualidad","category-actualidad-bolivar"],"_links":{"self":[{"href":"https:\/\/revistazetta.com\/index.php?rest_route=\/wp\/v2\/posts\/3619","targetHints":{"allow":["GET"]}}],"collection":[{"href":"https:\/\/revistazetta.com\/index.php?rest_route=\/wp\/v2\/posts"}],"about":[{"href":"https:\/\/revistazetta.com\/index.php?rest_route=\/wp\/v2\/types\/post"}],"author":[{"embeddable":true,"href":"https:\/\/revistazetta.com\/index.php?rest_route=\/wp\/v2\/users\/3"}],"replies":[{"embeddable":true,"href":"https:\/\/revistazetta.com\/index.php?rest_route=%2Fwp%2Fv2%2Fcomments&post=3619"}],"version-history":[{"count":0,"href":"https:\/\/revistazetta.com\/index.php?rest_route=\/wp\/v2\/posts\/3619\/revisions"}],"wp:featuredmedia":[{"embeddable":true,"href":"https:\/\/revistazetta.com\/index.php?rest_route=\/wp\/v2\/media\/3638"}],"wp:attachment":[{"href":"https:\/\/revistazetta.com\/index.php?rest_route=%2Fwp%2Fv2%2Fmedia&parent=3619"}],"wp:term":[{"taxonomy":"category","embeddable":true,"href":"https:\/\/revistazetta.com\/index.php?rest_route=%2Fwp%2Fv2%2Fcategories&post=3619"},{"taxonomy":"post_tag","embeddable":true,"href":"https:\/\/revistazetta.com\/index.php?rest_route=%2Fwp%2Fv2%2Ftags&post=3619"}],"curies":[{"name":"wp","href":"https:\/\/api.w.org\/{rel}","templated":true}]}}