{"id":3628,"date":"2014-11-06T19:30:30","date_gmt":"2014-11-07T00:30:30","guid":{"rendered":"http:\/\/www.revistazetta.com\/?p=3628"},"modified":"2014-11-06T19:30:30","modified_gmt":"2014-11-07T00:30:30","slug":"robert-vasquez-arrieta-nuevo-secretario-de-minas-y-energia-de-bolivar","status":"publish","type":"post","link":"https:\/\/revistazetta.com\/?p=3628","title":{"rendered":"Robert V\u00e1squez Arrieta, nuevo Secretario de Minas y Energ\u00eda de Bol\u00edvar"},"content":{"rendered":"<p><strong><i>El nuevo integrante del equipo de la Administraci\u00f3n Departamental de Bol\u00edvar es Profesional Universitario de la Universidad de Cartagena. Tiene 14 a\u00f1os de experiencia como funcionario p\u00fablico y contratista, el cual busca entre sus prop\u00f3sitos reflejar la institucionalidad del ente territorial.<\/i><\/strong><\/p>\n<p>Entre sus principales retos laborales y profesionales como secretario de Minas de la Gobernaci\u00f3n de Bol\u00edvar est\u00e1 promover una miner\u00eda limpia, organizada y ambientalmente responsable, generar proyectos de tecnificaci\u00f3n y concretar proyectos de electrificaci\u00f3n rural en comunidades apartadas o de ubicaci\u00f3n geogr\u00e1fica dificultosa.<\/p>\n<p>\u201cEn los pr\u00f3ximos d\u00edas le daremos apertura a la licitaci\u00f3n p\u00fablica de electrificaci\u00f3n rural en el sur de Bol\u00edvar y con \u00e9nfasis muy especial por exhortos y cercan\u00eda familiar con el gobernador Gossa\u00edn, la inauguraci\u00f3n de la normalizaci\u00f3n de la energ\u00eda en el corregimiento de Las Palmas, jurisdicci\u00f3n del municipio de San Jacinto\u201d, explic\u00f3 el secretario de Despacho.<\/p>\n","protected":false},"excerpt":{"rendered":"<p>El nuevo integrante del equipo de la Administraci\u00f3n Departamental de Bol\u00edvar es Profesional Universitario de la Universidad de Cartagena. Tiene 14 a\u00f1os de experiencia como funcionario p\u00fablico y contratista, el cual busca entre sus prop\u00f3sitos reflejar la institucionalidad del ente territorial. Entre sus principales retos laborales y profesionales como secretario de Minas de la Gobernaci\u00f3n de Bol\u00edvar est\u00e1 promover una miner\u00eda limpia, organizada y ambientalmente responsable, generar proyectos de tecnificaci\u00f3n y concretar proyectos de electrificaci\u00f3n rural en comunidades apartadas o de ubicaci\u00f3n geogr\u00e1fica dificultosa. \u201cEn los pr\u00f3ximos d\u00edas le daremos&#8230; <\/p>\n","protected":false},"author":3,"featured_media":3629,"comment_status":"closed","ping_status":"closed","sticky":false,"template":"","format":"standard","meta":{"footnotes":"","_links_to":"","_links_to_target":""},"categories":[2,33],"tags":[],"class_list":["post-3628","post","type-post","status-publish","format-standard","has-post-thumbnail","hentry","category-actualidad","category-actualidad-bolivar"],"_links":{"self":[{"href":"https:\/\/revistazetta.com\/index.php?rest_route=\/wp\/v2\/posts\/3628","targetHints":{"allow":["GET"]}}],"collection":[{"href":"https:\/\/revistazetta.com\/index.php?rest_route=\/wp\/v2\/posts"}],"about":[{"href":"https:\/\/revistazetta.com\/index.php?rest_route=\/wp\/v2\/types\/post"}],"author":[{"embeddable":true,"href":"https:\/\/revistazetta.com\/index.php?rest_route=\/wp\/v2\/users\/3"}],"replies":[{"embeddable":true,"href":"https:\/\/revistazetta.com\/index.php?rest_route=%2Fwp%2Fv2%2Fcomments&post=3628"}],"version-history":[{"count":0,"href":"https:\/\/revistazetta.com\/index.php?rest_route=\/wp\/v2\/posts\/3628\/revisions"}],"wp:featuredmedia":[{"embeddable":true,"href":"https:\/\/revistazetta.com\/index.php?rest_route=\/wp\/v2\/media\/3629"}],"wp:attachment":[{"href":"https:\/\/revistazetta.com\/index.php?rest_route=%2Fwp%2Fv2%2Fmedia&parent=3628"}],"wp:term":[{"taxonomy":"category","embeddable":true,"href":"https:\/\/revistazetta.com\/index.php?rest_route=%2Fwp%2Fv2%2Fcategories&post=3628"},{"taxonomy":"post_tag","embeddable":true,"href":"https:\/\/revistazetta.com\/index.php?rest_route=%2Fwp%2Fv2%2Ftags&post=3628"}],"curies":[{"name":"wp","href":"https:\/\/api.w.org\/{rel}","templated":true}]}}