{"id":36289,"date":"2020-06-21T06:49:06","date_gmt":"2020-06-21T11:49:06","guid":{"rendered":"http:\/\/revistazetta.com\/?p=36289"},"modified":"2020-06-21T06:49:06","modified_gmt":"2020-06-21T11:49:06","slug":"gobernador-blel-constata-avance-de-obras-en-arjona-y-villanueva","status":"publish","type":"post","link":"https:\/\/revistazetta.com\/?p=36289","title":{"rendered":"Gobernador Blel constata avance de obras en Arjona y Villanueva"},"content":{"rendered":"<p>Beneficiando a una poblaci\u00f3n de 125.736 habitantes entre Zipacoa en Villanueva y Ca\u00f1averal en jurisdicci\u00f3n de Turbaco, la v\u00eda que interconectar\u00e1 a estos dos municipios bolivarenses ya se encuentra en un avance por el orden del 70%. El gobernador de Bol\u00edvar, estuvo haciendo la verificaci\u00f3n directa del estado de la obra y destac\u00f3 que su importancia cuando est\u00e9 finalizada, radicar\u00e1, en que conllevar\u00e1 desarrollo agr\u00edcola y productivo para la zona.<\/p>\n<p><img loading=\"lazy\" decoding=\"async\" class=\"size-medium wp-image-36292 aligncenter\" src=\"https:\/\/revistazetta.com\/wp-content\/uploads\/2020\/06\/WhatsApp-Image-2020-06-19-at-4.03.34-PM-1-400x267.jpeg\" alt=\"\" width=\"400\" height=\"267\" srcset=\"https:\/\/revistazetta.com\/wp-content\/uploads\/2020\/06\/WhatsApp-Image-2020-06-19-at-4.03.34-PM-1-400x267.jpeg 400w, https:\/\/revistazetta.com\/wp-content\/uploads\/2020\/06\/WhatsApp-Image-2020-06-19-at-4.03.34-PM-1-1024x682.jpeg 1024w, https:\/\/revistazetta.com\/wp-content\/uploads\/2020\/06\/WhatsApp-Image-2020-06-19-at-4.03.34-PM-1.jpeg 1280w\" sizes=\"auto, (max-width: 400px) 100vw, 400px\" \/><\/p>\n<p>\u201cYa tenemos pavimentado con asfalto los tramos 1 y 2. Ahora estamos trabajando en la \u00faltima fase que comunicar\u00e1 directamente a Villanueva con Turbaco. Esta carretera incluye un puente de 30 metros, cuenta con una longitud de 14,83 kil\u00f3metros y beneficiar\u00e1 a m\u00e1s de 125 mil habitantes de esa parte de Bol\u00edvar\u201d, manifest\u00f3 el gobernante.<\/p>\n<p>Posterior a las visitas en Zipacoa y Ca\u00f1averal, en las que en articulaci\u00f3n con la Unidad Nacional de Gesti\u00f3n del Riesgo de Desastres se entregaron ayudas humanitarias en el corregimiento villanuevero, el mandatario regional se desplaz\u00f3 hasta el municipio de Arjona a ejercer inspecci\u00f3n de obras de infraestructura vial.<\/p>\n<p><img loading=\"lazy\" decoding=\"async\" class=\"size-medium wp-image-36291 aligncenter\" src=\"https:\/\/revistazetta.com\/wp-content\/uploads\/2020\/06\/WhatsApp-Image-2020-06-19-at-4.03.33-PM-400x267.jpeg\" alt=\"\" width=\"400\" height=\"267\" srcset=\"https:\/\/revistazetta.com\/wp-content\/uploads\/2020\/06\/WhatsApp-Image-2020-06-19-at-4.03.33-PM-400x267.jpeg 400w, https:\/\/revistazetta.com\/wp-content\/uploads\/2020\/06\/WhatsApp-Image-2020-06-19-at-4.03.33-PM-1024x683.jpeg 1024w, https:\/\/revistazetta.com\/wp-content\/uploads\/2020\/06\/WhatsApp-Image-2020-06-19-at-4.03.33-PM.jpeg 1280w\" sizes=\"auto, (max-width: 400px) 100vw, 400px\" \/><\/p>\n<p>\u201cCartagena y todo el norte de Bol\u00edvar mejorar\u00e1n su conectividad con la v\u00eda Arjona- Variante Mamonal- Gambote. Estamos muy contentos porque ya en un 90% se encuentran adelantados los trabajos. Las obras de esta v\u00eda de 6.5 kil\u00f3metros\u00a0\u00a0en concreto asf\u00e1ltico beneficiar\u00e1n a 1.115.346 personas\u201d, recalc\u00f3 el gobernador Vicente Antonio Blel.<\/p>\n<p>Para Blel Scaff es claro que este momento es \u00e1lgido y crucial para el departamento, la regi\u00f3n y el pa\u00eds a causa de la atenci\u00f3n y el manejo que se le debe dar a la crisis por la pandemia del coronavirus que promueve toda la atenci\u00f3n y la prioridad posible.<\/p>\n<p>\u201cPero el desarrollo del departamento tambi\u00e9n debe continuar. Hoy hemos estado no de visita social, si no, trabajando. Revisando de primera mano estas dos importantes obras de conexi\u00f3n en nuestro departamento. La v\u00eda Zipacoa- Ca\u00f1averal y Arjona-Variante Mamonal- Gambote, en las que sin duda traer\u00e1 buenas nuevas, mejores condiciones de vida y progreso a nuestros pueblos. El \u2018Bol\u00edvar Primero\u2019 no para. Siempre estar\u00e1 donde m\u00e1s se le necesite y se le requiera\u201d, agreg\u00f3 satisfactoriamente el gobernador Blel Scaff al final de la jornada.<\/p>\n<p><img loading=\"lazy\" decoding=\"async\" class=\"size-medium wp-image-36293 aligncenter\" src=\"https:\/\/revistazetta.com\/wp-content\/uploads\/2020\/06\/WhatsApp-Image-2020-06-19-at-4.03.34-PM-400x267.jpeg\" alt=\"\" width=\"400\" height=\"267\" srcset=\"https:\/\/revistazetta.com\/wp-content\/uploads\/2020\/06\/WhatsApp-Image-2020-06-19-at-4.03.34-PM-400x267.jpeg 400w, https:\/\/revistazetta.com\/wp-content\/uploads\/2020\/06\/WhatsApp-Image-2020-06-19-at-4.03.34-PM-1024x683.jpeg 1024w, https:\/\/revistazetta.com\/wp-content\/uploads\/2020\/06\/WhatsApp-Image-2020-06-19-at-4.03.34-PM.jpeg 1280w\" sizes=\"auto, (max-width: 400px) 100vw, 400px\" \/><\/p>\n","protected":false},"excerpt":{"rendered":"<p>Beneficiando a una poblaci\u00f3n de 125.736 habitantes entre Zipacoa en Villanueva y Ca\u00f1averal en jurisdicci\u00f3n de Turbaco, la v\u00eda que interconectar\u00e1 a estos dos municipios bolivarenses ya se encuentra en un avance por el orden del 70%. El gobernador de Bol\u00edvar, estuvo haciendo la verificaci\u00f3n directa del estado de la obra y destac\u00f3 que su importancia cuando est\u00e9 finalizada, radicar\u00e1, en que conllevar\u00e1 desarrollo agr\u00edcola y productivo para la zona. \u201cYa tenemos pavimentado con asfalto los tramos 1 y 2. Ahora estamos trabajando en la \u00faltima fase que comunicar\u00e1 directamente&#8230; <\/p>\n","protected":false},"author":3,"featured_media":36290,"comment_status":"closed","ping_status":"closed","sticky":false,"template":"","format":"standard","meta":{"footnotes":"","_links_to":"","_links_to_target":""},"categories":[33,80],"tags":[73,285,300],"class_list":["post-36289","post","type-post","status-publish","format-standard","has-post-thumbnail","hentry","category-actualidad-bolivar","category-region","tag-bolivar","tag-destacada","tag-region"],"_links":{"self":[{"href":"https:\/\/revistazetta.com\/index.php?rest_route=\/wp\/v2\/posts\/36289","targetHints":{"allow":["GET"]}}],"collection":[{"href":"https:\/\/revistazetta.com\/index.php?rest_route=\/wp\/v2\/posts"}],"about":[{"href":"https:\/\/revistazetta.com\/index.php?rest_route=\/wp\/v2\/types\/post"}],"author":[{"embeddable":true,"href":"https:\/\/revistazetta.com\/index.php?rest_route=\/wp\/v2\/users\/3"}],"replies":[{"embeddable":true,"href":"https:\/\/revistazetta.com\/index.php?rest_route=%2Fwp%2Fv2%2Fcomments&post=36289"}],"version-history":[{"count":0,"href":"https:\/\/revistazetta.com\/index.php?rest_route=\/wp\/v2\/posts\/36289\/revisions"}],"wp:featuredmedia":[{"embeddable":true,"href":"https:\/\/revistazetta.com\/index.php?rest_route=\/wp\/v2\/media\/36290"}],"wp:attachment":[{"href":"https:\/\/revistazetta.com\/index.php?rest_route=%2Fwp%2Fv2%2Fmedia&parent=36289"}],"wp:term":[{"taxonomy":"category","embeddable":true,"href":"https:\/\/revistazetta.com\/index.php?rest_route=%2Fwp%2Fv2%2Fcategories&post=36289"},{"taxonomy":"post_tag","embeddable":true,"href":"https:\/\/revistazetta.com\/index.php?rest_route=%2Fwp%2Fv2%2Ftags&post=36289"}],"curies":[{"name":"wp","href":"https:\/\/api.w.org\/{rel}","templated":true}]}}