{"id":3631,"date":"2014-11-07T06:19:12","date_gmt":"2014-11-07T11:19:12","guid":{"rendered":"http:\/\/www.revistazetta.com\/?p=3631"},"modified":"2014-11-07T06:19:12","modified_gmt":"2014-11-07T11:19:12","slug":"fiestas-en-sana-alegria-y-paz","status":"publish","type":"post","link":"https:\/\/revistazetta.com\/?p=3631","title":{"rendered":"Fiestas en sana alegr\u00eda y paz"},"content":{"rendered":"<p><span style=\"line-height: 1.5em\">Por: Miguel Raad Hern\u00e1ndez &#8211;\u00a0Noviembre 6 de 2014.<\/span><\/p>\n<p>Se acercan las tradicionales fiestas novembrinas en nuestra ciudad. M\u00e1s a\u00fan, desde hace varias semanas vienen celebr\u00e0ndose los llamados \u00bb preludios\u00bb, organizados por el IPCC en distintos sectores de la ciudad, cuyo prop\u00f3sito es ambientar anticipadamente los festejos anuales por nuestra independencia. Y como todos los a\u00f1os, la responsabilidad nos exige a los comunicadores y formadores de opini\u00f3n que hagamos una exhortaci\u00f3n a que las mismas se lleven a cabo de manera civilizada, respetuosa por los derechos de todos y en absoluta convivencia y armon\u00eda entre los asociados. En otras palabras, es imperativo exhortar por unas fiestas en sana alegr\u00eda y paz.<\/p>\n<p>Todo comienza por el respeto, la ponderaci\u00f3n y la prudencia. Hay que recordar que, aunque se dicte un Decreto Oficial -llamado Bando- por el cual se ordena a los cartageneros divertirse, son muchas las personas y los sectores de nuestro aparato productivo que no pueden cesar en su trabajo y actividades cotidianas. A quienes contin\u00faan trabajando hay que respetarlos y nada de pretender involucrarlos en las fiestas a la fuerza. Por eso, no son convenientes ni est\u00e0n autorizados los llamados \u00abretenes\u00bb de los c\u00e9lebres \u00abnegritos\u00bb embadurnados de tizne que amenazan con ensuciar a los transe\u00fantes si no les dan dinero. Nada de lanzar maicena, espumas y menos agua u otros l\u00edquidos a los autom\u00f3viles y personas. Todos estos actos son atentatorios contra la convivencia y constituyen infracciones de polic\u00eda sancionables por las autoridades.<\/p>\n<p>Tambi\u00e9n son censurables los cierres de calles so pretexto de organizar bailes o parrandas de vecinos, pues ello afecta la movilidad e irrita a quienes necesitan desplazarse. Hay que tener en cuenta que, aunque muchas veces estos comportamientos correspondan a viejas costumbres ejecutadas de buena fe, la ciudad ya no es la buc\u00f3lica y apacible Villa del pasado sino una vibrante, din\u00e0mica y moderna urbe que tiene industrias, comercios y servicios como los de salud y otros, que no pueden parar porque ocasionan graves consecuencias para todos. En la ciudad de hoy debemos divertirnos sin entorpecer el discurrir de la vida de los dem\u00e1s ciudadanos que no pueden hacerlo al tiempo con nosotros.<\/p>\n<p>Finalmente, las autoridades han dictado medidas para garantizar unas fiestas sin contratiempos.\u00a0 Se trata del Decreto 1341 de 28 de Octubre de 2014, el cual contiene recomendaciones y restricciones muy convenientes e importantes, que debemos acatar. De entre ellas destacamos: Est\u00e1n prohibidos los buscapi\u00e9s y la manipulaci\u00f3n de toda clase de juegos pirot\u00e9cnicos o explosivos; los ni\u00f1os no podr\u00e1n estar en las calles haciendo retenes; est\u00e1 prohibido el uso de capuchones, excepto en las comparsas debidamente autorizadas; los bares, cantinas y estancos s\u00f3lo podr\u00e1n funcionar hasta las\u00a0 dos de la madrugada; est\u00e1 prohibido el expendio de licores en las tiendas para tomar all\u00ed mismo; queda suspendido el porte de armas; no estar\u00e1 permitido transportarse parrilla ro en motocicleta despu\u00e9s de 9:00 de la noche; y no se\u00a0 permitir\u00e1 la instalaci\u00f3n de los conocidos pick UPS\u00a0 sino en sitios especiales y previa autorizaci\u00f3n de las autoridades.<\/p>\n<p>Queridos amigos: de todos nosotros depende que tengamos unas fiestas en orden y sana convivencia, sin hechos que lamentar. Los cartageneros debemos mostrar al pa\u00eds que somos una sociedad civilizada que crece en el esp\u00edritu c\u00edvico. Hagamos de\u00a0 estas las mejores fiestas que hayamos tenido y sint\u00e1monos orgullosos de ser cartageneros.<\/p>\n","protected":false},"excerpt":{"rendered":"<p>Por: Miguel Raad Hern\u00e1ndez &#8211;\u00a0Noviembre 6 de 2014. Se acercan las tradicionales fiestas novembrinas en nuestra ciudad. M\u00e1s a\u00fan, desde hace varias semanas vienen celebr\u00e0ndose los llamados \u00bb preludios\u00bb, organizados por el IPCC en distintos sectores de la ciudad, cuyo prop\u00f3sito es ambientar anticipadamente los festejos anuales por nuestra independencia. Y como todos los a\u00f1os, la responsabilidad nos exige a los comunicadores y formadores de opini\u00f3n que hagamos una exhortaci\u00f3n a que las mismas se lleven a cabo de manera civilizada, respetuosa por los derechos de todos y en absoluta&#8230; <\/p>\n","protected":false},"author":4,"featured_media":3632,"comment_status":"closed","ping_status":"closed","sticky":false,"template":"","format":"standard","meta":{"footnotes":"","_links_to":"","_links_to_target":""},"categories":[44,65],"tags":[],"class_list":["post-3631","post","type-post","status-publish","format-standard","has-post-thumbnail","hentry","category-materiagris","category-opinion"],"_links":{"self":[{"href":"https:\/\/revistazetta.com\/index.php?rest_route=\/wp\/v2\/posts\/3631","targetHints":{"allow":["GET"]}}],"collection":[{"href":"https:\/\/revistazetta.com\/index.php?rest_route=\/wp\/v2\/posts"}],"about":[{"href":"https:\/\/revistazetta.com\/index.php?rest_route=\/wp\/v2\/types\/post"}],"author":[{"embeddable":true,"href":"https:\/\/revistazetta.com\/index.php?rest_route=\/wp\/v2\/users\/4"}],"replies":[{"embeddable":true,"href":"https:\/\/revistazetta.com\/index.php?rest_route=%2Fwp%2Fv2%2Fcomments&post=3631"}],"version-history":[{"count":0,"href":"https:\/\/revistazetta.com\/index.php?rest_route=\/wp\/v2\/posts\/3631\/revisions"}],"wp:featuredmedia":[{"embeddable":true,"href":"https:\/\/revistazetta.com\/index.php?rest_route=\/wp\/v2\/media\/3632"}],"wp:attachment":[{"href":"https:\/\/revistazetta.com\/index.php?rest_route=%2Fwp%2Fv2%2Fmedia&parent=3631"}],"wp:term":[{"taxonomy":"category","embeddable":true,"href":"https:\/\/revistazetta.com\/index.php?rest_route=%2Fwp%2Fv2%2Fcategories&post=3631"},{"taxonomy":"post_tag","embeddable":true,"href":"https:\/\/revistazetta.com\/index.php?rest_route=%2Fwp%2Fv2%2Ftags&post=3631"}],"curies":[{"name":"wp","href":"https:\/\/api.w.org\/{rel}","templated":true}]}}