{"id":36325,"date":"2020-06-23T08:25:57","date_gmt":"2020-06-23T13:25:57","guid":{"rendered":"http:\/\/revistazetta.com\/?p=36325"},"modified":"2020-06-23T08:25:57","modified_gmt":"2020-06-23T13:25:57","slug":"las-matematicas-de-la-muerte-y-la-mentira-opinion-de-yolanda-wong","status":"publish","type":"post","link":"https:\/\/revistazetta.com\/?p=36325","title":{"rendered":"Las matem\u00e1ticas de la muerte y la mentira &#8211; Opini\u00f3n de Yolanda Wong"},"content":{"rendered":"<p><span style=\"color: #003366;\"><strong>Por Yolanda Wong (Especial para Revista Zetta 20 a\u00f1os).-<\/strong><\/span> Quisiera que el titular fuera otro, pero no encuentro como llamar a estas l\u00edneas que debo escribir con dolor por lo que nos est\u00e1 pasando.<\/p>\n<p>Desde hace algunos d\u00edas escucho titulares como \u201cLa curva se est\u00e1 aplanando\u201d, \u201cLa curva est\u00e1 bajando\u201d y otros adjetivos para minimizar o denotar mejor\u00eda en los datos estad\u00edsticos de la pandemia en Cartagena.<\/p>\n<p>Continuamos con unos informes de cu\u00e1ntos contagiados existen, cu\u00e1ntos muertos y cu\u00e1ntos se mejoran, \u00bfqui\u00e9nes son?, en ocasiones ni sabemos, pero en nuestro diario a vivir si empezamos a sentir la perdida de personas cercanas, conocidas o familiares por causa de la horrible pandemia.<\/p>\n<p>Yo quiero exponer unas cuentas que las pueden llamar alegres, pero que cualquiera con tres dedos de frente las puede hacer.<\/p>\n<p>\u00bfCu\u00e1ntos hornos crematorios hay en Cartagena?, oficialmente uno que corresponde al cementerio Jardines de Cartagena, ubicado en el barrio Alameda La Victoria, \u00bfCu\u00e1ntas personas pueden cremar al d\u00eda?, informaciones de empleados del Parque Cementerio dicen que su capacidad es de cremar 12 cuerpos, incluyendo servicios mortuorios con pago anticipado (Servicio Pre pagado), lo que significa que no es exclusivamente para los muertos por Covid 19.<\/p>\n<p>Vistas a vuelo de p\u00e1jaro estas l\u00edneas, viene la pregunta mayor, \u00bfQu\u00e9 capacidad real tenemos para cremar los muertos por Covid 19?, en el mejor de los casos los empresarios del Parque Cementerio ceden a la Pandemia el 50%, es decir, podemos cremar s\u00f3lo 6 al d\u00eda, entonces voy encontrando l\u00f3gica a los registros que emiten las personas que hacen los reportes,\u00a0 pues veo que les gusta el n\u00famero 5.<\/p>\n<p>Pero como los cartageneros no somos tontos, quiero preguntar p\u00fablicamente a las autoridades, \u00bfqu\u00e9 hacemos con los muertos de nuestra gente que pasan el numero habilitado para cremar?, respuestas arbitraria y suelta; los enterramos sin ning\u00fan protocolo en los dem\u00e1s cementerios p\u00fabicos (Olaya o Albornoz). Por\u00a0 ejemplo, el caso del video que circul\u00f3 de un joven a\u00fan intubado que sus familiares lograron abrazarlo y cantarle al o\u00eddo de manera irresponsable, si a esos muertos de los barrios humildes no los creman, los sepultan sin los protocolos de bioseguridad, que es lo m\u00e1s grave, \u00bfD\u00f3nde est\u00e1 la autoridad competente?.<\/p>\n<p>Ser\u00e1 que estos son los entierros de mi pobre gente pobre, donde por no desnudar nuestra realidad quieren que traguemos entero y creamos que de verdad se aplana la curva, teniendo muertos a tutipl\u00e9n que se encuentran en los cuartos fr\u00edos de las cl\u00ednicas o en sus capillas mientras les llega el turno para ingresarlo al horno crematorio. No creo que los cartageneros nos chupemos el dedo y nos confiemos del aplanamiento de la curva, se\u00f1ores despu\u00e9s encontremos la mala hora en las narices, cayendo como moscas, como dijo alguna voz seudo prof\u00e9tica.<\/p>\n<p>A veces me pregunto, \u00bfpor qu\u00e9 la curva ha sido irregular baja y sube? La respuesta t\u00e9cnica es porque esos datos obedecen a la proporcionalidad de pruebas realizadas vs resultados, pues claro cuando bajamos el n\u00famero de toma de muestras realizadas por las EPS\u00a0 proporcionalmente baja el n\u00famero de resultados. Es la \u00fanica f\u00f3rmula en la que ha tenido la raz\u00f3n, la se\u00f1ora Directora del Dadis, del resto todos los datos emitidos por ella los he tenido en modo Pinocho.<\/p>\n<p>De acuerdo a estas matem\u00e1ticas de la muerte, hoy manifiesto que siento mucho decirles que los datos que nos est\u00e1n mostrando obedecen a la suma de dudas, la divisi\u00f3n de criterios, restan confianza, multiplican preocupaciones\u00a0 y elevan a la en\u00e9sima potencia el grito de auxilio de una ciudadan\u00eda que no le est\u00e1n contando la verdad porque el orden de los factores altera el resultado que quieren mostrar.<\/p>\n<p>Las operaciones planteadas aqu\u00ed obedecen a la realidad que estamos viviendo, no a la que los boots, inteligencias artificiales o cuentas amigas quieren influir en las redes sociales u otros canales. Estoy segura que despu\u00e9s de haber le\u00eddo estas l\u00edneas y a la cuenta de 1, 2,3 aparecer\u00e1n a deslegitimarme, pero como les dije con anterioridad, todos tenemos tres dedos de frente y estamos grandecitos para entender la matem\u00e1tica b\u00e1sica.<\/p>\n<p><strong><em>Yolanda Wong Baldiris.<\/em><\/strong><\/p>\n","protected":false},"excerpt":{"rendered":"<p>Por Yolanda Wong (Especial para Revista Zetta 20 a\u00f1os).- Quisiera que el titular fuera otro, pero no encuentro como llamar a estas l\u00edneas que debo escribir con dolor por lo que nos est\u00e1 pasando. Desde hace algunos d\u00edas escucho titulares como \u201cLa curva se est\u00e1 aplanando\u201d, \u201cLa curva est\u00e1 bajando\u201d y otros adjetivos para minimizar o denotar mejor\u00eda en los datos estad\u00edsticos de la pandemia en Cartagena. Continuamos con unos informes de cu\u00e1ntos contagiados existen, cu\u00e1ntos muertos y cu\u00e1ntos se mejoran, \u00bfqui\u00e9nes son?, en ocasiones ni sabemos, pero en nuestro&#8230; <\/p>\n","protected":false},"author":3,"featured_media":36326,"comment_status":"closed","ping_status":"closed","sticky":false,"template":"","format":"standard","meta":{"footnotes":"","_links_to":"","_links_to_target":""},"categories":[44,65],"tags":[288,289],"class_list":["post-36325","post","type-post","status-publish","format-standard","has-post-thumbnail","hentry","category-materiagris","category-opinion","tag-materia-gris","tag-opinion"],"_links":{"self":[{"href":"https:\/\/revistazetta.com\/index.php?rest_route=\/wp\/v2\/posts\/36325","targetHints":{"allow":["GET"]}}],"collection":[{"href":"https:\/\/revistazetta.com\/index.php?rest_route=\/wp\/v2\/posts"}],"about":[{"href":"https:\/\/revistazetta.com\/index.php?rest_route=\/wp\/v2\/types\/post"}],"author":[{"embeddable":true,"href":"https:\/\/revistazetta.com\/index.php?rest_route=\/wp\/v2\/users\/3"}],"replies":[{"embeddable":true,"href":"https:\/\/revistazetta.com\/index.php?rest_route=%2Fwp%2Fv2%2Fcomments&post=36325"}],"version-history":[{"count":0,"href":"https:\/\/revistazetta.com\/index.php?rest_route=\/wp\/v2\/posts\/36325\/revisions"}],"wp:featuredmedia":[{"embeddable":true,"href":"https:\/\/revistazetta.com\/index.php?rest_route=\/wp\/v2\/media\/36326"}],"wp:attachment":[{"href":"https:\/\/revistazetta.com\/index.php?rest_route=%2Fwp%2Fv2%2Fmedia&parent=36325"}],"wp:term":[{"taxonomy":"category","embeddable":true,"href":"https:\/\/revistazetta.com\/index.php?rest_route=%2Fwp%2Fv2%2Fcategories&post=36325"},{"taxonomy":"post_tag","embeddable":true,"href":"https:\/\/revistazetta.com\/index.php?rest_route=%2Fwp%2Fv2%2Ftags&post=36325"}],"curies":[{"name":"wp","href":"https:\/\/api.w.org\/{rel}","templated":true}]}}