{"id":36327,"date":"2020-06-23T08:34:11","date_gmt":"2020-06-23T13:34:11","guid":{"rendered":"http:\/\/revistazetta.com\/?p=36327"},"modified":"2020-06-23T08:36:38","modified_gmt":"2020-06-23T13:36:38","slug":"lecturas-diferentes-del-estado-en-el-mismo-hecho-opinion-de-horacio-carcamo","status":"publish","type":"post","link":"https:\/\/revistazetta.com\/?p=36327","title":{"rendered":"Lecturas diferentes del Estado en el mismo hecho &#8211; Opini\u00f3n de Horacio C\u00e1rcamo"},"content":{"rendered":"<p><strong>Por Horacio C\u00e1rcamo \u00c1lvarez (Especial para Revista Zetta 20 a\u00f1os).-<\/strong>\u00a0El cuento es el siguiente: en d\u00edas pasados la Polic\u00eda Nacional en cumplimiento de orden legal consistente en un desalojo ordenado por el corregidor de Pance, uno de los agentes que hac\u00edan parte del operativo, el patrullero \u00c1ngel Z\u00fa\u00f1iga Vanegas se neg\u00f3 a obedecer la orden del superior por considerar que se abusaba de los derechos humanos, no hab\u00eda reubicaci\u00f3n a las familias, ni se ten\u00eda en cuenta la situaci\u00f3n de pandemia del momento. Rengl\u00f3n seguido ofrend\u00f3 el cargo; \u00e9chenme, remat\u00f3.<\/p>\n<p>Para el Comandante de la Polic\u00eda Metropolitana de Cali el polic\u00eda no puede hacer caso omiso a \u00f3rdenes de los superiores y menos entorpecer procedimientos. Un concepto muy ortodoxo de la obediencia si no se tiene en cuenta que al uniformado no solo le asiste el deber de respetar la ley, sino tambi\u00e9n el de proteger los derechos fundamentales de las personas. El desalojo se adelant\u00f3 contra unas familias que ocupaban desde hac\u00edan varios a\u00f1os unos terrenos de propiedad de la alcald\u00eda de Cali, aleda\u00f1os a la ribera del r\u00edo Pance en el sector La Viga.<\/p>\n<p>La tierra ha sido desde el inicio de la rep\u00fablica el problema central de la guerra. La concentraci\u00f3n de la propiedad en la zona rural no nos ha permitido alcanzar los niveles de civilizaci\u00f3n a los que han llegado otras naciones y sigue siendo combustible de la confrontaci\u00f3n armada con saldos en vidas humanas, desplazamientos forzados y crueldad. De ah\u00ed que la m\u00e9dula del acuerdo de paz para la terminaci\u00f3n del conflicto con las Farc, guerrilla rural y en esencia campesina hoy partido pol\u00edtico con asiento en el Congreso General de la Rep\u00fablica, fuera el punto de tierras. \u201cLa reforma rural integral sienta las bases para la transformaci\u00f3n estructural del campo, crea condiciones de bienestar para la poblaci\u00f3n rural y de esa manera contribuye a la construcci\u00f3n de una paz estable y duradera\u201d, reza el arreglo.<\/p>\n<p>Colombia es el pa\u00eds m\u00e1s desigual de Latinoam\u00e9rica y seg\u00fan la OCDE la raz\u00f3n estriba en la alta concentraci\u00f3n del ingreso. Esa desigualdad es mayor en la zona rural donde el acceso a servicios p\u00fablicos domiciliarios es precario o inexistente y el trabajo es mayoritariamente informal, con el agravante de la alta concentraci\u00f3n de la propiedad de la tierra, cuya democratizaci\u00f3n no ha sido posible; no solo por la oposici\u00f3n que han hecho las viejas estructuras econ\u00f3micas, sociales y pol\u00edticas del establecimiento neo feudal, sino por la ilegalizaci\u00f3n de las luchas del movimiento campesino y el despojo paramilitar.<\/p>\n<p>A pesar que es un deber constitucional del Estado promover el acceso a la propiedad de la tierra a los trabajadores del campo, en el pa\u00eds m\u00e1s de un mill\u00f3n de hogares campesinos viven en menos espacios del que tiene una vaca para apastar. La afirmaci\u00f3n es de Oxfam en un an\u00e1lisis citado por Antonio Paz Cardona donde se asevera que en el 2002 las fincas con extensi\u00f3n mayor a 500 hect\u00e1reas se hab\u00edan duplicado y un poco m\u00e1s en relaci\u00f3n con el a\u00f1o 1960.<\/p>\n<p>En su an\u00e1lisis la organizaci\u00f3n no gubernamental tambi\u00e9n expresa que el 1% de las fincas de mayor tama\u00f1o tienen el 81% de la tierra en Colombia y algo que resulta alarmante, y obliga al debate pol\u00edtico, es que el 42.7% de los propietarios de predios m\u00e1s grandes manifiestan no conocer el origen legal de sus terrenos. Concentraci\u00f3n y tradici\u00f3n gris de la propiedad rural podr\u00eda ser el verdadero p\u00e1bulo de la oposici\u00f3n al proceso de paz y no la impunidad como quieren hacerle cree a la opini\u00f3n p\u00fablica.<\/p>\n<p>A los siervos sin tierras de Pance ni siquiera el horror de la peste por covid-19 que ha castigado duro al Departamento del Valle del Cauca y a su capital Cali, les alcanz\u00f3 para evitar que el gobierno del alcalde Jorge Iv\u00e1n Ospina los dejara a la intemperie y expuestos al contagio de la muerte. No lleg\u00f3 el brazo del Estado Social de Derecho al que el gobernante jur\u00f3 defender al momento de posesionarse, pero si lo hizo el de las pajaritas, maquinaria pesada, con la que se atropell\u00f3 la dignidad humana de humildes campesinos, sue\u00f1os de techo alcanzado a\u00fan en medio de la precariedad de las viviendas y cultivos.<\/p>\n<p>En este caso la Alcald\u00eda de Cali manifest\u00f3 que a las familias se les reconoci\u00f3 el debido proceso por el solo hecho de permitirles oponerse a la orden de restituci\u00f3n de los predios en las orillas del r\u00edo Pance. Aplicaron el concepto cl\u00e1sico de la sujeci\u00f3n formal al derecho y relegaron premeditadamente o no, la sujeci\u00f3n del derecho a contenidos sustanciales de justicia. Como lo manda la Corte Constitucional no es admisible que la administraci\u00f3n se muestre impasible mientras desalojan a una comunidad que no tiene los recursos materiales para proveerse una vivienda digna. Su deber cualquiera sea la causa del desalojo es proporcionarle una alternativa.<\/p>\n<p>&nbsp;<\/p>\n<p>&nbsp;<\/p>\n<p>&nbsp;<\/p>\n<p>&nbsp;<\/p>\n<p>&nbsp;<\/p>\n<p><strong>\u00a0<\/strong><\/p>\n","protected":false},"excerpt":{"rendered":"<p>Por Horacio C\u00e1rcamo \u00c1lvarez (Especial para Revista Zetta 20 a\u00f1os).-\u00a0El cuento es el siguiente: en d\u00edas pasados la Polic\u00eda Nacional en cumplimiento de orden legal consistente en un desalojo ordenado por el corregidor de Pance, uno de los agentes que hac\u00edan parte del operativo, el patrullero \u00c1ngel Z\u00fa\u00f1iga Vanegas se neg\u00f3 a obedecer la orden del superior por considerar que se abusaba de los derechos humanos, no hab\u00eda reubicaci\u00f3n a las familias, ni se ten\u00eda en cuenta la situaci\u00f3n de pandemia del momento. Rengl\u00f3n seguido ofrend\u00f3 el cargo; \u00e9chenme, remat\u00f3&#8230;. <\/p>\n","protected":false},"author":3,"featured_media":36328,"comment_status":"closed","ping_status":"closed","sticky":false,"template":"","format":"standard","meta":{"footnotes":"","_links_to":"","_links_to_target":""},"categories":[44,65],"tags":[288,289],"class_list":["post-36327","post","type-post","status-publish","format-standard","has-post-thumbnail","hentry","category-materiagris","category-opinion","tag-materia-gris","tag-opinion"],"_links":{"self":[{"href":"https:\/\/revistazetta.com\/index.php?rest_route=\/wp\/v2\/posts\/36327","targetHints":{"allow":["GET"]}}],"collection":[{"href":"https:\/\/revistazetta.com\/index.php?rest_route=\/wp\/v2\/posts"}],"about":[{"href":"https:\/\/revistazetta.com\/index.php?rest_route=\/wp\/v2\/types\/post"}],"author":[{"embeddable":true,"href":"https:\/\/revistazetta.com\/index.php?rest_route=\/wp\/v2\/users\/3"}],"replies":[{"embeddable":true,"href":"https:\/\/revistazetta.com\/index.php?rest_route=%2Fwp%2Fv2%2Fcomments&post=36327"}],"version-history":[{"count":0,"href":"https:\/\/revistazetta.com\/index.php?rest_route=\/wp\/v2\/posts\/36327\/revisions"}],"wp:featuredmedia":[{"embeddable":true,"href":"https:\/\/revistazetta.com\/index.php?rest_route=\/wp\/v2\/media\/36328"}],"wp:attachment":[{"href":"https:\/\/revistazetta.com\/index.php?rest_route=%2Fwp%2Fv2%2Fmedia&parent=36327"}],"wp:term":[{"taxonomy":"category","embeddable":true,"href":"https:\/\/revistazetta.com\/index.php?rest_route=%2Fwp%2Fv2%2Fcategories&post=36327"},{"taxonomy":"post_tag","embeddable":true,"href":"https:\/\/revistazetta.com\/index.php?rest_route=%2Fwp%2Fv2%2Ftags&post=36327"}],"curies":[{"name":"wp","href":"https:\/\/api.w.org\/{rel}","templated":true}]}}