{"id":36331,"date":"2020-06-23T10:06:46","date_gmt":"2020-06-23T15:06:46","guid":{"rendered":"http:\/\/revistazetta.com\/?p=36331"},"modified":"2020-06-23T10:06:46","modified_gmt":"2020-06-23T15:06:46","slug":"unidad-especial-anticorrupcion-de-la-cgr-investiga-a-dau-desde-bogota-no-la-gerencia-regional","status":"publish","type":"post","link":"https:\/\/revistazetta.com\/?p=36331","title":{"rendered":"Unidad Especial Anticorrupci\u00f3n de la CGR investiga a Dau desde Bogot\u00e1, no la Gerencia Regional"},"content":{"rendered":"<blockquote><p><strong>Dado el alto impacto generado por la empergencia de Covid 19, la Contralor\u00eda General de la Naci\u00f3n declar\u00f3 de inter\u00e9s nacional los procesos de Cartagena de Indias, y toda la actuaci\u00f3n se ha venido surtiendo desde la Unidad de Investigaciones Especiales contra la Corrupci\u00f3n, radicada en Bogot\u00e1, sin mediar ninguna injerencia de la Gerencia Regional Bol\u00edvar.<\/strong><\/p><\/blockquote>\n<p>Adem\u00e1s, mucho antes de toda esta situaci\u00f3n, desde el 8 de mayo del a\u00f1o pasado, la Contralor\u00eda General de la Rep\u00fablica acept\u00f3 el impedimento presentado por el actual Gerente Regional, Edgardo Rom\u00e1n Elles, para conocer de toda actuaci\u00f3n donde est\u00e9 de por medio la Gobernaci\u00f3n de Bol\u00edvar, donde labor\u00f3 entre 2016 y 2018.<\/p>\n<blockquote><p>Esas dos realidades contrastan con la virulenta denuncia del alcalde William Dau, sobre una presunta interferencia del funcionario Rom\u00e1n Elles respecto de los procesos que le adelanta la Contralor\u00eda en su contra, como el de responsabilidad fiscal por el presunto sobrecorsto de $193 millones.<\/p><\/blockquote>\n<p>El alcalde insiste en hacer se\u00f1alamientos, pero no ha explicado en detalle d\u00f3nde estar\u00eda el error en las cuentas que indican esos sobreprecios, motivo del proceso fiscal.<\/p>\n<p>Respecto del impedimento de Rom\u00e1n, el 8 de mayo del a\u00f1o pasado se emiti\u00f3 la resoluci\u00f3n 0604, donde se acepta el impedimento presentado por el gerente regional de Bol\u00edvar \u201cpara conocer de los procesos de responsabilidad fiscal, denuncias, auditor\u00edas, y dem\u00e1s actuaciones administrativas que se adelantan o se llegaren a surtir donde figure como entidad afectada la Gobernaci\u00f3n del Departamento de Bol\u00edvar, por hechos ocurridos y conocidos por \u00e9l durante el periodo comprendido entre los a\u00f1os 2016 a 2018\u201d.<\/p>\n<p><img loading=\"lazy\" decoding=\"async\" class=\"size-medium wp-image-36322 aligncenter\" src=\"https:\/\/revistazetta.com\/wp-content\/uploads\/2020\/06\/Captura-de-Pantalla-2020-06-22-a-las-12.04.24-p.-m.-400x197.png\" alt=\"\" width=\"400\" height=\"197\" srcset=\"https:\/\/revistazetta.com\/wp-content\/uploads\/2020\/06\/Captura-de-Pantalla-2020-06-22-a-las-12.04.24-p.-m.-400x197.png 400w, https:\/\/revistazetta.com\/wp-content\/uploads\/2020\/06\/Captura-de-Pantalla-2020-06-22-a-las-12.04.24-p.-m.-1024x505.png 1024w, https:\/\/revistazetta.com\/wp-content\/uploads\/2020\/06\/Captura-de-Pantalla-2020-06-22-a-las-12.04.24-p.-m.-1536x757.png 1536w, https:\/\/revistazetta.com\/wp-content\/uploads\/2020\/06\/Captura-de-Pantalla-2020-06-22-a-las-12.04.24-p.-m..png 1542w\" sizes=\"auto, (max-width: 400px) 100vw, 400px\" \/><\/p>\n<p>Contra esa evidencia, el alcalde dijo con elevado tono durante el fin de semana: \u201c\u00bfA qui\u00e9n nombr\u00f3 el contralor C\u00f3rdoba como gerente de la Contralor\u00eda en Cartagena? Pues nombr\u00f3 a un funconario abogado de la Gobernaci\u00f3n que era el jefe de la unidad de contrataci\u00f3n, la persona que elabor\u00f3 todos los contratos desde el principio del gobierno de Dumek Turbay, los elaboraba Edgardo Rom\u00e1n Elles, y esa persona fue a quien C\u00f3rdoba nombr\u00f3 para controlar los contratos de Dumek Turbay\u2026 pusieron a las ratas a cuidar el queso\u201d.<\/p>\n<blockquote><p>Este fin de semana, Dau no solamente tom\u00f3 como contrincante de sus peleas al contralor C\u00f3rdoba, sino tambi\u00e9n a las Altas Cortes. D\u00edas atr\u00e1s hab\u00eda desde\u00f1ado al gobierno nacional, protestado contra el gobernador Blel, desafiado a los gremios, \u00abmadreado\u00bb a los concejales, en una lista extensa de altercados en apenas casi seis meses de mandato.<\/p><\/blockquote>\n<p>De lo anterior queda claro que el alcalde Dau Dau es investigado desde Bogot\u00e1 y que el gerente regional Rom\u00e1n Elles no tene injerencia en esas investigaciones, y adem\u00e1s est\u00e1 impedido respecto de la Gobernaci\u00f3n, dejando sin sustento sus afirmaciones.<\/p>\n<p>La resoluci\u00f3n ordinaria N\u00ba 0804 del 24 de abril de 2020 declar\u00f3 de \u201cimpacto nacional\u201d los hechos relacionados con los objetos de control identificados en el art\u00edculo primero del dicho acto administrativo, y asignar su conocimiento integral a la Unidad de Investigaciones Especiales contra la Corrupci\u00f3n, con sede en Bogot\u00e1.<\/p>\n<p><img loading=\"lazy\" decoding=\"async\" class=\"size-medium wp-image-36333 aligncenter\" src=\"https:\/\/revistazetta.com\/wp-content\/uploads\/2020\/06\/Res-1-289x400.jpeg\" alt=\"\" width=\"289\" height=\"400\" srcset=\"https:\/\/revistazetta.com\/wp-content\/uploads\/2020\/06\/Res-1-289x400.jpeg 289w, https:\/\/revistazetta.com\/wp-content\/uploads\/2020\/06\/Res-1.jpeg 739w\" sizes=\"auto, (max-width: 289px) 100vw, 289px\" \/><\/p>\n<p><img loading=\"lazy\" decoding=\"async\" class=\"size-medium wp-image-36334 aligncenter\" src=\"https:\/\/revistazetta.com\/wp-content\/uploads\/2020\/06\/Res-11-379x400.jpeg\" alt=\"\" width=\"379\" height=\"400\" srcset=\"https:\/\/revistazetta.com\/wp-content\/uploads\/2020\/06\/Res-11-379x400.jpeg 379w, https:\/\/revistazetta.com\/wp-content\/uploads\/2020\/06\/Res-11.jpeg 699w\" sizes=\"auto, (max-width: 379px) 100vw, 379px\" \/><\/p>\n<p>Los contratos que se contemplaron son tres, inicialmente:<\/p>\n<p>1. (Alcald\u00eda de Barranquilla).- SERVICIOS DE ALIMENTACI\u00d3N NP SAS por $ 18.652.231.360 para \u201cSuministro y entrega de mercados b\u00e1sicos para mitigar los efectos socio econ\u00f3micos en la poblaci\u00f3n vulnerable en raz\u00f3n de la proliferaci\u00f3n del virus covid19 de conformidad con la urgencia manifiesta a trav\u00e9s del Decreto Distrital No.03682020.<\/p>\n<ol start=\"2\">\n<li>\n<blockquote><p><span style=\"color: #000080;\"><strong>(Alcald\u00eda de Cartagena).- VENTAS DISTRIBUCI\u00d3N Y MARKETING LTDA por $ 1.215.500.000 para contratar el suministro de insumos sanitarios y de protecci\u00f3n como medida de prevenci\u00f3n, reducci\u00f3n de los factores de riesgo y amenaza ante el COVID-19 en el distrito de Cartagena. (Este es el contrato donde se detect\u00f3 un presunto sobrecosto de $193 millones, que el alcalde William Dau a\u00fan no ha explicado, y por el cual ha activado toda una campa\u00f1a de altisonancia en redes sociales).<\/strong><\/span><\/p><\/blockquote>\n<\/li>\n<li>(Gobernaci\u00f3n de Antioquia).- TECNIDIDACTICOS IND SAS por $2.642.692.500 Suministro de implementos de autocuidado para prevenir el COVID-19 en el Municipio de Medell\u00edn, TAPABOCAS GRUPO 2, para atender la calamidad p\u00fablica y urgencia manifiesta declarada mediante Decreto Nro. 0375 del 17 de marzo de 2020.<\/li>\n<\/ol>\n<p><a href=\"https:\/\/revistazetta.com\/wp-content\/uploads\/2020\/06\/RESOLUCION-804-DEL-24-DE-ABRIL-DE-2020-1.pdf\">RESOLUCION 804 DEL 24 DE ABRIL DE 2020 (1)<\/a><\/p>\n<p>&nbsp;<\/p>\n","protected":false},"excerpt":{"rendered":"<p>Dado el alto impacto generado por la empergencia de Covid 19, la Contralor\u00eda General de la Naci\u00f3n declar\u00f3 de inter\u00e9s nacional los procesos de Cartagena de Indias, y toda la actuaci\u00f3n se ha venido surtiendo desde la Unidad de Investigaciones Especiales contra la Corrupci\u00f3n, radicada en Bogot\u00e1, sin mediar ninguna injerencia de la Gerencia Regional Bol\u00edvar. Adem\u00e1s, mucho antes de toda esta situaci\u00f3n, desde el 8 de mayo del a\u00f1o pasado, la Contralor\u00eda General de la Rep\u00fablica acept\u00f3 el impedimento presentado por el actual Gerente Regional, Edgardo Rom\u00e1n Elles, para&#8230; <\/p>\n","protected":false},"author":3,"featured_media":36332,"comment_status":"closed","ping_status":"closed","sticky":false,"template":"","format":"standard","meta":{"footnotes":"","_links_to":"","_links_to_target":""},"categories":[2,75],"tags":[294,285],"class_list":["post-36331","post","type-post","status-publish","format-standard","has-post-thumbnail","hentry","category-actualidad","category-destacada","tag-actualidad","tag-destacada"],"_links":{"self":[{"href":"https:\/\/revistazetta.com\/index.php?rest_route=\/wp\/v2\/posts\/36331","targetHints":{"allow":["GET"]}}],"collection":[{"href":"https:\/\/revistazetta.com\/index.php?rest_route=\/wp\/v2\/posts"}],"about":[{"href":"https:\/\/revistazetta.com\/index.php?rest_route=\/wp\/v2\/types\/post"}],"author":[{"embeddable":true,"href":"https:\/\/revistazetta.com\/index.php?rest_route=\/wp\/v2\/users\/3"}],"replies":[{"embeddable":true,"href":"https:\/\/revistazetta.com\/index.php?rest_route=%2Fwp%2Fv2%2Fcomments&post=36331"}],"version-history":[{"count":0,"href":"https:\/\/revistazetta.com\/index.php?rest_route=\/wp\/v2\/posts\/36331\/revisions"}],"wp:featuredmedia":[{"embeddable":true,"href":"https:\/\/revistazetta.com\/index.php?rest_route=\/wp\/v2\/media\/36332"}],"wp:attachment":[{"href":"https:\/\/revistazetta.com\/index.php?rest_route=%2Fwp%2Fv2%2Fmedia&parent=36331"}],"wp:term":[{"taxonomy":"category","embeddable":true,"href":"https:\/\/revistazetta.com\/index.php?rest_route=%2Fwp%2Fv2%2Fcategories&post=36331"},{"taxonomy":"post_tag","embeddable":true,"href":"https:\/\/revistazetta.com\/index.php?rest_route=%2Fwp%2Fv2%2Ftags&post=36331"}],"curies":[{"name":"wp","href":"https:\/\/api.w.org\/{rel}","templated":true}]}}