{"id":36338,"date":"2020-06-23T15:17:47","date_gmt":"2020-06-23T20:17:47","guid":{"rendered":"http:\/\/revistazetta.com\/?p=36338"},"modified":"2020-06-23T15:17:47","modified_gmt":"2020-06-23T20:17:47","slug":"gobernacion-y-alcaldias-de-bolivar-endureceran-medidas-ante-indisciplina-social","status":"publish","type":"post","link":"https:\/\/revistazetta.com\/?p=36338","title":{"rendered":"Gobernaci\u00f3n y Alcald\u00edas de Bol\u00edvar endurecer\u00e1n medidas ante indisciplina social"},"content":{"rendered":"<p>Tras el mal comportamiento y el no acatamiento de la orden de aislamiento preventivo obligatorio por parte de algunos bolivarenses durante el pasado puente festivo, la Gobernaci\u00f3n de Bol\u00edvar y las Alcald\u00edas Municipales determinaron endurecer las medidas restrictivas en cada poblaci\u00f3n y utilizar toda la fuerza disponible para que los pobladores cumplan las medidas.<\/p>\n<p>As\u00ed lo acordaron el Gobernador Vicente Blel, alcaldes municipales y el secretario del Interior de Bol\u00edvar, en el marco de una reuni\u00f3n extraordinaria donde se analiz\u00f3 la creciente indisciplina social en el departamento.<\/p>\n<p>El Gobierno del &#8216;Bol\u00edvar Primero&#8217; manifest\u00f3 su preocupaci\u00f3n por el incremento en los casos de COVID-19 en los municipios y su relaci\u00f3n directa con la violaci\u00f3n de las medidas sanitarias y de orden p\u00fablico.<\/p>\n<p>El primer mandatario de los bolivarenses rechaz\u00f3 los \u00faltimos hechos de indisciplina social y le hizo un llamado a todos los bolivarenses. \u00abNecesitamos que entiendan que las medidas tomadas por el Gobierno Nacional y Departamental son para el bien de todos. Esto es un trabajo en equipo: gobierno, autoridades y ciudadan\u00eda, para que todo salga bien cada uno de nosotros debe poner su grano arena, y el de ustedes bolivarenses, es acatar las normas\u00bb.<\/p>\n<p>El secretario del Interior, Carlos Feliz Monsalve, asegur\u00f3 que \u00abrechazamos en\u00e9rgicamente toda la indisciplina social presentada en los municipios de Bol\u00edvar este puente festivo. Por ello, con el apoyo de los alcaldes extremaremos las medidas para contener la velocidad de propagaci\u00f3n del COVID-19\u00bb.<\/p>\n<p>El director de Seguridad y Convivencia Ciudadana de Bol\u00edvar, Jos\u00e9 Ardila, exigi\u00f3 respeto por las autoridades: \u00able pedimos a todos los habitantes de Bol\u00edvar respeto para con la Fuerza P\u00fablica, que entiendan la labor que est\u00e1n desarrollando nuestros polic\u00edas, soldados e infantes de Marina(&#8230;) entendamos que para derrotar el COVID-19 tenemos que estar unidos y tener mayores niveles de convivencia\u00bb.<\/p>\n<p>Es importante recordar que la Gobernaci\u00f3n de Bol\u00edvar avanza en la ejecuci\u00f3n de su Plan de Acci\u00f3n para hacerle frente al COVID-19.<\/p>\n","protected":false},"excerpt":{"rendered":"<p>Tras el mal comportamiento y el no acatamiento de la orden de aislamiento preventivo obligatorio por parte de algunos bolivarenses durante el pasado puente festivo, la Gobernaci\u00f3n de Bol\u00edvar y las Alcald\u00edas Municipales determinaron endurecer las medidas restrictivas en cada poblaci\u00f3n y utilizar toda la fuerza disponible para que los pobladores cumplan las medidas. As\u00ed lo acordaron el Gobernador Vicente Blel, alcaldes municipales y el secretario del Interior de Bol\u00edvar, en el marco de una reuni\u00f3n extraordinaria donde se analiz\u00f3 la creciente indisciplina social en el departamento. El Gobierno del&#8230; <\/p>\n","protected":false},"author":3,"featured_media":36339,"comment_status":"closed","ping_status":"closed","sticky":false,"template":"","format":"standard","meta":{"footnotes":"","_links_to":"","_links_to_target":""},"categories":[33,80],"tags":[73,300],"class_list":["post-36338","post","type-post","status-publish","format-standard","has-post-thumbnail","hentry","category-actualidad-bolivar","category-region","tag-bolivar","tag-region"],"_links":{"self":[{"href":"https:\/\/revistazetta.com\/index.php?rest_route=\/wp\/v2\/posts\/36338","targetHints":{"allow":["GET"]}}],"collection":[{"href":"https:\/\/revistazetta.com\/index.php?rest_route=\/wp\/v2\/posts"}],"about":[{"href":"https:\/\/revistazetta.com\/index.php?rest_route=\/wp\/v2\/types\/post"}],"author":[{"embeddable":true,"href":"https:\/\/revistazetta.com\/index.php?rest_route=\/wp\/v2\/users\/3"}],"replies":[{"embeddable":true,"href":"https:\/\/revistazetta.com\/index.php?rest_route=%2Fwp%2Fv2%2Fcomments&post=36338"}],"version-history":[{"count":0,"href":"https:\/\/revistazetta.com\/index.php?rest_route=\/wp\/v2\/posts\/36338\/revisions"}],"wp:featuredmedia":[{"embeddable":true,"href":"https:\/\/revistazetta.com\/index.php?rest_route=\/wp\/v2\/media\/36339"}],"wp:attachment":[{"href":"https:\/\/revistazetta.com\/index.php?rest_route=%2Fwp%2Fv2%2Fmedia&parent=36338"}],"wp:term":[{"taxonomy":"category","embeddable":true,"href":"https:\/\/revistazetta.com\/index.php?rest_route=%2Fwp%2Fv2%2Fcategories&post=36338"},{"taxonomy":"post_tag","embeddable":true,"href":"https:\/\/revistazetta.com\/index.php?rest_route=%2Fwp%2Fv2%2Ftags&post=36338"}],"curies":[{"name":"wp","href":"https:\/\/api.w.org\/{rel}","templated":true}]}}