{"id":36367,"date":"2020-06-24T17:15:24","date_gmt":"2020-06-24T22:15:24","guid":{"rendered":"http:\/\/revistazetta.com\/?p=36367"},"modified":"2020-06-24T17:15:24","modified_gmt":"2020-06-24T22:15:24","slug":"cardique-realiza-feria-virtual-de-negocios-verdes","status":"publish","type":"post","link":"https:\/\/revistazetta.com\/?p=36367","title":{"rendered":"Cardique realiza feria virtual de negocios verdes"},"content":{"rendered":"<p>La Corporaci\u00f3n Aut\u00f3noma Regional de Canal del Dique (Cardique) realizar\u00e1 a las cinco de la tarde de este viernes 26 de junio la primera feria virtual donde se ofrecer\u00e1n los productos de los Negocios Verdes Inclusivos.<br \/>\nPara participar en la feria virtual deben inscribirse a trav\u00e9s de la p\u00e1gina www.cardique.gov.co, y las redes sociales de la corporaci\u00f3n. Instagram: @cardique_car; Facebook: Cardique Car y Twitter: @cardique.<br \/>\nEl director de Cardique, Angelo Bacci Hern\u00e1ndez, indic\u00f3 que la corporaci\u00f3n est\u00e1 comprometida con los negocios verdes y por eso en tiempos de pandemias apoya estas iniciativas de subsistencia que elaboran habitantes de la jurisdicci\u00f3n. \u201cSon proyectos totalmente org\u00e1nicos, naturales y amigables con el ambiente, y generan un impacto positivo a nivel ambiental y social\u201d, dijo.<\/p>\n<p>\u201cQueremos hacer un llamado a la poblaci\u00f3n bol\u00edvarense para que apoyen lo nuestro. Estas personas nos necesitan en estos momentos para mantener su econom\u00eda verde\u201d, dijo.<br \/>\nPor su parte, Mar\u00eda Blanco, funcionaria de Cardique, indic\u00f3 que: \u201cSe abri\u00f3 este espacio denominado Viernes de negocios verdes\u201d para atraer clientes a la econom\u00eda de estos negocios. Va dirigido a toda la poblaci\u00f3n que quiera apoyar a estas personas que trabajan en pro del ambiente. En el evento participan 8 empresas de emprendedores avaladas, quienes buscan alternativas para mejorar su econom\u00eda\u201d.<br \/>\nEn \u201cViernes de negocios verdes\u201d se ofrecer\u00e1n dulces elaborados, artesan\u00edas y hasta servicios tur\u00edsticos. Participan: Asopraduce- Palenqueras, Ematuecob, Artelisa<br \/>\nTuruhuaco, Artes y Talento, Asomudepas y<br \/>\nChambaculeras.<\/p>\n<p>Estos negocios pertenecen a los municipios de Mahates, Cartagena, Turbaco y San Jacinto.<\/p>\n","protected":false},"excerpt":{"rendered":"<p>La Corporaci\u00f3n Aut\u00f3noma Regional de Canal del Dique (Cardique) realizar\u00e1 a las cinco de la tarde de este viernes 26 de junio la primera feria virtual donde se ofrecer\u00e1n los productos de los Negocios Verdes Inclusivos. Para participar en la feria virtual deben inscribirse a trav\u00e9s de la p\u00e1gina www.cardique.gov.co, y las redes sociales de la corporaci\u00f3n. Instagram: @cardique_car; Facebook: Cardique Car y Twitter: @cardique. El director de Cardique, Angelo Bacci Hern\u00e1ndez, indic\u00f3 que la corporaci\u00f3n est\u00e1 comprometida con los negocios verdes y por eso en tiempos de pandemias apoya&#8230; <\/p>\n","protected":false},"author":3,"featured_media":36368,"comment_status":"closed","ping_status":"closed","sticky":false,"template":"","format":"standard","meta":{"footnotes":"","_links_to":"","_links_to_target":""},"categories":[84,80],"tags":[303,300],"class_list":["post-36367","post","type-post","status-publish","format-standard","has-post-thumbnail","hentry","category-ambiente","category-region","tag-ambiente","tag-region"],"_links":{"self":[{"href":"https:\/\/revistazetta.com\/index.php?rest_route=\/wp\/v2\/posts\/36367","targetHints":{"allow":["GET"]}}],"collection":[{"href":"https:\/\/revistazetta.com\/index.php?rest_route=\/wp\/v2\/posts"}],"about":[{"href":"https:\/\/revistazetta.com\/index.php?rest_route=\/wp\/v2\/types\/post"}],"author":[{"embeddable":true,"href":"https:\/\/revistazetta.com\/index.php?rest_route=\/wp\/v2\/users\/3"}],"replies":[{"embeddable":true,"href":"https:\/\/revistazetta.com\/index.php?rest_route=%2Fwp%2Fv2%2Fcomments&post=36367"}],"version-history":[{"count":0,"href":"https:\/\/revistazetta.com\/index.php?rest_route=\/wp\/v2\/posts\/36367\/revisions"}],"wp:featuredmedia":[{"embeddable":true,"href":"https:\/\/revistazetta.com\/index.php?rest_route=\/wp\/v2\/media\/36368"}],"wp:attachment":[{"href":"https:\/\/revistazetta.com\/index.php?rest_route=%2Fwp%2Fv2%2Fmedia&parent=36367"}],"wp:term":[{"taxonomy":"category","embeddable":true,"href":"https:\/\/revistazetta.com\/index.php?rest_route=%2Fwp%2Fv2%2Fcategories&post=36367"},{"taxonomy":"post_tag","embeddable":true,"href":"https:\/\/revistazetta.com\/index.php?rest_route=%2Fwp%2Fv2%2Ftags&post=36367"}],"curies":[{"name":"wp","href":"https:\/\/api.w.org\/{rel}","templated":true}]}}