{"id":3640,"date":"2014-11-10T07:19:08","date_gmt":"2014-11-10T12:19:08","guid":{"rendered":"http:\/\/www.revistazetta.com\/?p=3640"},"modified":"2014-11-10T07:19:08","modified_gmt":"2014-11-10T12:19:08","slug":"destenida-celebracion-del-11-de-noviembre","status":"publish","type":"post","link":"https:\/\/revistazetta.com\/?p=3640","title":{"rendered":"Deste\u00f1ida celebraci\u00f3n del 11 de Noviembre"},"content":{"rendered":"<p><span style=\"line-height: 1.5em;\">La celebraci\u00f3n del acto hist\u00f3rico que marc\u00f3 el destino de Colombia, la Independencia de Cartagena, tendr\u00e1 una deste\u00f1ida celebraci\u00f3n.<\/span><\/p>\n<p>La fecha que era la culminaci\u00f3n de las celebraciones populares, ahora es el tel\u00f3n de abrebocas, ya que los desfiles y bandos en los barrios est\u00e1n programados a rengl\u00f3n seguido.<\/p>\n<p>Con m\u00ednima participaci\u00f3n y espacio para el pueblo, el alica\u00eddo Instituto de Patrimonio y Cultura \u2013 IPCC, inform\u00f3 que solo tres actos protocolarios se cumplir\u00e1n: la lectura del Acta de Independencia, en el Centro de Convenciones; una ofrenda floral en el Camell\u00f3n de los M\u00e1rtires, y un desfile por la parte interna del cord\u00f3n amurallado.<\/p>\n<p>En los actos estar\u00e1n las autoridades locales, de polic\u00eda y navales, as\u00ed como las candidatas al Reinado privado de Raimundo Angulo y el Reinado de la Independencia.<\/p>\n","protected":false},"excerpt":{"rendered":"<p>La celebraci\u00f3n del acto hist\u00f3rico que marc\u00f3 el destino de Colombia, la Independencia de Cartagena, tendr\u00e1 una deste\u00f1ida celebraci\u00f3n. La fecha que era la culminaci\u00f3n de las celebraciones populares, ahora es el tel\u00f3n de abrebocas, ya que los desfiles y bandos en los barrios est\u00e1n programados a rengl\u00f3n seguido. Con m\u00ednima participaci\u00f3n y espacio para el pueblo, el alica\u00eddo Instituto de Patrimonio y Cultura \u2013 IPCC, inform\u00f3 que solo tres actos protocolarios se cumplir\u00e1n: la lectura del Acta de Independencia, en el Centro de Convenciones; una ofrenda floral en el&#8230; <\/p>\n","protected":false},"author":3,"featured_media":0,"comment_status":"closed","ping_status":"closed","sticky":false,"template":"","format":"standard","meta":{"footnotes":"","_links_to":"","_links_to_target":""},"categories":[2,32],"tags":[],"class_list":["post-3640","post","type-post","status-publish","format-standard","hentry","category-actualidad","category-actualidad-distrito"],"_links":{"self":[{"href":"https:\/\/revistazetta.com\/index.php?rest_route=\/wp\/v2\/posts\/3640","targetHints":{"allow":["GET"]}}],"collection":[{"href":"https:\/\/revistazetta.com\/index.php?rest_route=\/wp\/v2\/posts"}],"about":[{"href":"https:\/\/revistazetta.com\/index.php?rest_route=\/wp\/v2\/types\/post"}],"author":[{"embeddable":true,"href":"https:\/\/revistazetta.com\/index.php?rest_route=\/wp\/v2\/users\/3"}],"replies":[{"embeddable":true,"href":"https:\/\/revistazetta.com\/index.php?rest_route=%2Fwp%2Fv2%2Fcomments&post=3640"}],"version-history":[{"count":0,"href":"https:\/\/revistazetta.com\/index.php?rest_route=\/wp\/v2\/posts\/3640\/revisions"}],"wp:attachment":[{"href":"https:\/\/revistazetta.com\/index.php?rest_route=%2Fwp%2Fv2%2Fmedia&parent=3640"}],"wp:term":[{"taxonomy":"category","embeddable":true,"href":"https:\/\/revistazetta.com\/index.php?rest_route=%2Fwp%2Fv2%2Fcategories&post=3640"},{"taxonomy":"post_tag","embeddable":true,"href":"https:\/\/revistazetta.com\/index.php?rest_route=%2Fwp%2Fv2%2Ftags&post=3640"}],"curies":[{"name":"wp","href":"https:\/\/api.w.org\/{rel}","templated":true}]}}