{"id":36479,"date":"2020-07-02T15:05:21","date_gmt":"2020-07-02T20:05:21","guid":{"rendered":"http:\/\/revistazetta.com\/?p=36479"},"modified":"2020-07-02T15:05:21","modified_gmt":"2020-07-02T20:05:21","slug":"asi-inicio-la-entrega-del-pae-urbano-en-magangue","status":"publish","type":"post","link":"https:\/\/revistazetta.com\/?p=36479","title":{"rendered":"As\u00ed inici\u00f3 la entrega del PAE urbano en Magangu\u00e9"},"content":{"rendered":"<p>Buenas noticias para los estudiantes de las instituciones educativas oficiales de la cabecera municipal de Magangu\u00e9. A partir de hoy, cada estudiante beneficiado recibir\u00e1 la canasta de complemento nutricional del Programa de Alimentaci\u00f3n Escolar (PAE), que exige el Ministerio de Educaci\u00f3n Nacional, mientras se supera la crisis del nuevo coronavirus, Covid -19.<\/p>\n<p><img loading=\"lazy\" decoding=\"async\" class=\"size-medium wp-image-36485 aligncenter\" src=\"https:\/\/revistazetta.com\/wp-content\/uploads\/2020\/07\/Pae-Maga-6-400x267.jpeg\" alt=\"\" width=\"400\" height=\"267\" srcset=\"https:\/\/revistazetta.com\/wp-content\/uploads\/2020\/07\/Pae-Maga-6-400x267.jpeg 400w, https:\/\/revistazetta.com\/wp-content\/uploads\/2020\/07\/Pae-Maga-6-1024x682.jpeg 1024w, https:\/\/revistazetta.com\/wp-content\/uploads\/2020\/07\/Pae-Maga-6.jpeg 1280w\" sizes=\"auto, (max-width: 400px) 100vw, 400px\" \/><\/p>\n<p>La primera entrega se llev\u00f3 a cabo en la instituci\u00f3n Educativa Manuel Atencia Ord\u00f3\u00f1ez y de forma simult\u00e1nea en el Liceo Joaqu\u00edn Fernando V\u00e9lez y sus respectivas sedes, donde el equipo PAE de la Secretar\u00eda de Educaci\u00f3n, y el operador, Consorcio Alimentaci\u00f3n Escolar, bajo la coordinaci\u00f3n de la secretaria de Educaci\u00f3n Kattya Soto Paternina, estuvieron presentes cumpliendo con todas las medidas de bio seguridad.<\/p>\n<p>Bajo la modalidad Raci\u00f3n Preparada en Casa (RPC), el Ministerio de Educaci\u00f3n Nacional pretende garantizar que cada estudiante siga disfrutando de este complemento, no obstante, el compromiso ahora pasa a manos de los padres de familia, quienes ser\u00e1n los responsables de que sus hijos consuman las raciones y minutas correspondientes para cada d\u00eda.<\/p>\n<p><img loading=\"lazy\" decoding=\"async\" class=\"size-medium wp-image-36481 aligncenter\" src=\"https:\/\/revistazetta.com\/wp-content\/uploads\/2020\/07\/Pae-Maga-2-400x267.jpeg\" alt=\"\" width=\"400\" height=\"267\" srcset=\"https:\/\/revistazetta.com\/wp-content\/uploads\/2020\/07\/Pae-Maga-2-400x267.jpeg 400w, https:\/\/revistazetta.com\/wp-content\/uploads\/2020\/07\/Pae-Maga-2-1024x682.jpeg 1024w, https:\/\/revistazetta.com\/wp-content\/uploads\/2020\/07\/Pae-Maga-2.jpeg 1280w\" sizes=\"auto, (max-width: 400px) 100vw, 400px\" \/><\/p>\n<p>\u201cAfortunadamente nuestros ni\u00f1os y ni\u00f1as de la cabecera municipal ya podr\u00e1n tener estos complementos nutricionales para ser consumidos en casa. Le quiero agradecer a todos los padres de familia que tuvieron paciencia. Estos procesos son muy delicados y no podemos hacer las cosas a la ligera y exponernos a errores innecesarios. Quiero que sepan que los ni\u00f1os son mi prioridad y ahora velar\u00e9 porque cada uno siga recibiendo su canasta\u201d, expres\u00f3 Soto Paternina.<\/p>\n<p>Cabe mencionar, que estos kits ser\u00e1n entregados en todas las instituciones educativas oficiales de Magangu\u00e9, \u00fanicamente para el titular de derecho y no para toda la familia. As\u00ed mismo, vale la pena recordar que el contenido de este paquete tiene los productos requeridos para un mes que equivalen a 20 d\u00edas calendario escolar.<\/p>\n<p>Este viernes 3 de julio el equipo PAE continuar\u00e1 con las entregas en las instituciones educativas San Jos\u00e9 N\u00famero1 y N\u00famero 2.<\/p>\n<p><img loading=\"lazy\" decoding=\"async\" class=\"size-medium wp-image-36488 aligncenter\" src=\"https:\/\/revistazetta.com\/wp-content\/uploads\/2020\/07\/Pae-Maga-9-400x267.jpeg\" alt=\"\" width=\"400\" height=\"267\" srcset=\"https:\/\/revistazetta.com\/wp-content\/uploads\/2020\/07\/Pae-Maga-9-400x267.jpeg 400w, https:\/\/revistazetta.com\/wp-content\/uploads\/2020\/07\/Pae-Maga-9-1024x682.jpeg 1024w, https:\/\/revistazetta.com\/wp-content\/uploads\/2020\/07\/Pae-Maga-9.jpeg 1280w\" sizes=\"auto, (max-width: 400px) 100vw, 400px\" \/><\/p>\n<p><img loading=\"lazy\" decoding=\"async\" class=\"size-medium wp-image-36487 aligncenter\" src=\"https:\/\/revistazetta.com\/wp-content\/uploads\/2020\/07\/Pae-Maga-8-400x267.jpeg\" alt=\"\" width=\"400\" height=\"267\" srcset=\"https:\/\/revistazetta.com\/wp-content\/uploads\/2020\/07\/Pae-Maga-8-400x267.jpeg 400w, https:\/\/revistazetta.com\/wp-content\/uploads\/2020\/07\/Pae-Maga-8-1024x682.jpeg 1024w, https:\/\/revistazetta.com\/wp-content\/uploads\/2020\/07\/Pae-Maga-8.jpeg 1280w\" sizes=\"auto, (max-width: 400px) 100vw, 400px\" \/><\/p>\n","protected":false},"excerpt":{"rendered":"<p>Buenas noticias para los estudiantes de las instituciones educativas oficiales de la cabecera municipal de Magangu\u00e9. A partir de hoy, cada estudiante beneficiado recibir\u00e1 la canasta de complemento nutricional del Programa de Alimentaci\u00f3n Escolar (PAE), que exige el Ministerio de Educaci\u00f3n Nacional, mientras se supera la crisis del nuevo coronavirus, Covid -19. La primera entrega se llev\u00f3 a cabo en la instituci\u00f3n Educativa Manuel Atencia Ord\u00f3\u00f1ez y de forma simult\u00e1nea en el Liceo Joaqu\u00edn Fernando V\u00e9lez y sus respectivas sedes, donde el equipo PAE de la Secretar\u00eda de Educaci\u00f3n, y&#8230; <\/p>\n","protected":false},"author":3,"featured_media":36489,"comment_status":"closed","ping_status":"closed","sticky":false,"template":"","format":"standard","meta":{"footnotes":"","_links_to":"","_links_to_target":""},"categories":[83,80],"tags":[305,300],"class_list":["post-36479","post","type-post","status-publish","format-standard","has-post-thumbnail","hentry","category-municipios","category-region","tag-municipios","tag-region"],"_links":{"self":[{"href":"https:\/\/revistazetta.com\/index.php?rest_route=\/wp\/v2\/posts\/36479","targetHints":{"allow":["GET"]}}],"collection":[{"href":"https:\/\/revistazetta.com\/index.php?rest_route=\/wp\/v2\/posts"}],"about":[{"href":"https:\/\/revistazetta.com\/index.php?rest_route=\/wp\/v2\/types\/post"}],"author":[{"embeddable":true,"href":"https:\/\/revistazetta.com\/index.php?rest_route=\/wp\/v2\/users\/3"}],"replies":[{"embeddable":true,"href":"https:\/\/revistazetta.com\/index.php?rest_route=%2Fwp%2Fv2%2Fcomments&post=36479"}],"version-history":[{"count":0,"href":"https:\/\/revistazetta.com\/index.php?rest_route=\/wp\/v2\/posts\/36479\/revisions"}],"wp:featuredmedia":[{"embeddable":true,"href":"https:\/\/revistazetta.com\/index.php?rest_route=\/wp\/v2\/media\/36489"}],"wp:attachment":[{"href":"https:\/\/revistazetta.com\/index.php?rest_route=%2Fwp%2Fv2%2Fmedia&parent=36479"}],"wp:term":[{"taxonomy":"category","embeddable":true,"href":"https:\/\/revistazetta.com\/index.php?rest_route=%2Fwp%2Fv2%2Fcategories&post=36479"},{"taxonomy":"post_tag","embeddable":true,"href":"https:\/\/revistazetta.com\/index.php?rest_route=%2Fwp%2Fv2%2Ftags&post=36479"}],"curies":[{"name":"wp","href":"https:\/\/api.w.org\/{rel}","templated":true}]}}