{"id":3651,"date":"2014-11-10T18:31:41","date_gmt":"2014-11-10T23:31:41","guid":{"rendered":"http:\/\/www.revistazetta.com\/?p=3651"},"modified":"2014-11-10T18:31:41","modified_gmt":"2014-11-10T23:31:41","slug":"fernando-botero-y-mario-vargas-llosa-encabezan-marcha-taurina-en-bogota","status":"publish","type":"post","link":"https:\/\/revistazetta.com\/?p=3651","title":{"rendered":"Fernando Botero y Mario Vargas Llosa encabezan marcha taurina en Bogot\u00e1"},"content":{"rendered":"<p><span style=\"line-height: 1.5em;\">El pintor m\u00e1s glorioso en la historia de Colombia, Fernando Botero, y el premio Nobel de Literatura, Mario Vargas Llosa, encabezan la marcha taurina en Bogot\u00e1 por la libertad, la cultura y la democracia, que se cumple este mi\u00e9rcoles, con el liderazgo del maestro C\u00e9sar Rinc\u00f3n.<\/span><\/p>\n<p>Junto a ellos estar\u00e1 el emblem\u00e1tico cantante espa\u00f1ol Joaqu\u00edn Sabina y grandes estrellas de la tauromaquia como los matadores Palomo Linares, Juan Jos\u00e9 Padilla, Miguel Abell\u00e1n, El Juli, El Fandi, Sebasti\u00e1n Castella, Jos\u00e9 Mar\u00eda Manzanares, Miguel \u00c1ngel Perera, Luis Bol\u00edvar, Manuel Escribano, Iv\u00e1n Fandi\u00f1o, Alejandro Talavante, Daniel Luque, El Payo o Diego Silveti.<\/p>\n<p>Estos grandes artistas del mundo del arte y la cultura, as\u00ed como infinidad de aficionados de todo el mundo, han firmado el manifiesto que se leer\u00e1 en esta gran concentraci\u00f3n quiere solicitar que la Tauromaquia sea declarada Patrimonio Cultural de la Rep\u00fablica de Colombia.<\/p>\n<p>El acto comenzar\u00e1 a las 3.30 pm (hora colombiana) y tendr\u00e1 lugar en la explanada de la puerta principal de la plaza de toros Santamar\u00eda de Bogot\u00e1 en el que se pedir\u00e1 la reapertura del legendario coso. El regreso de la actividad taurina al coso de la capital ha sido ordenado por la Corte Constitucional, y fijado en un plazo que vence en marzo del 2015.<\/p>\n<p>Adem\u00e1s se reconocer\u00e1 la heroica gesta de los novilleros colombianos que, desde hace meses, luchan en huelga para conseguir la reapertura de la plaza de toros de Bogot\u00e1. Su ejemplo ha inspirado todo un movimiento que el pr\u00f3ximo d\u00eda 12 cristalizar\u00e1 en una gran convocatoria para la Tauromaquia en Colombia.<\/p>\n<p>La creciente expectaci\u00f3n que ha generado la manifestaci\u00f3n ha empujado a la afici\u00f3n espa\u00f1ola a salir a la calle para celebrar una convocatoria paralela en Madrid. As\u00ed, la Uni\u00f3n de Criadores de Toros de Lidia y el Foro de la Juventud Taurina han anunciado una concentraci\u00f3n en la capital de Espa\u00f1a que servir\u00e1 de apoyo a la gran reuni\u00f3n prevista en Bogot\u00e1. &#8216;Madrid mira a Bogot\u00e1&#8217; tambi\u00e9n tendr\u00e1 lugar el mi\u00e9rcoles 12, a las 19.30 horas, en la Plaza de Chamber\u00ed.<\/p>\n<p>&nbsp;<\/p>\n","protected":false},"excerpt":{"rendered":"<p>El pintor m\u00e1s glorioso en la historia de Colombia, Fernando Botero, y el premio Nobel de Literatura, Mario Vargas Llosa, encabezan la marcha taurina en Bogot\u00e1 por la libertad, la cultura y la democracia, que se cumple este mi\u00e9rcoles, con el liderazgo del maestro C\u00e9sar Rinc\u00f3n. Junto a ellos estar\u00e1 el emblem\u00e1tico cantante espa\u00f1ol Joaqu\u00edn Sabina y grandes estrellas de la tauromaquia como los matadores Palomo Linares, Juan Jos\u00e9 Padilla, Miguel Abell\u00e1n, El Juli, El Fandi, Sebasti\u00e1n Castella, Jos\u00e9 Mar\u00eda Manzanares, Miguel \u00c1ngel Perera, Luis Bol\u00edvar, Manuel Escribano, Iv\u00e1n Fandi\u00f1o,&#8230; <\/p>\n","protected":false},"author":3,"featured_media":3652,"comment_status":"closed","ping_status":"closed","sticky":false,"template":"","format":"standard","meta":{"footnotes":"","_links_to":"","_links_to_target":""},"categories":[41,42],"tags":[],"class_list":["post-3651","post","type-post","status-publish","format-standard","has-post-thumbnail","hentry","category-cultura","category-cultura-toros"],"_links":{"self":[{"href":"https:\/\/revistazetta.com\/index.php?rest_route=\/wp\/v2\/posts\/3651","targetHints":{"allow":["GET"]}}],"collection":[{"href":"https:\/\/revistazetta.com\/index.php?rest_route=\/wp\/v2\/posts"}],"about":[{"href":"https:\/\/revistazetta.com\/index.php?rest_route=\/wp\/v2\/types\/post"}],"author":[{"embeddable":true,"href":"https:\/\/revistazetta.com\/index.php?rest_route=\/wp\/v2\/users\/3"}],"replies":[{"embeddable":true,"href":"https:\/\/revistazetta.com\/index.php?rest_route=%2Fwp%2Fv2%2Fcomments&post=3651"}],"version-history":[{"count":0,"href":"https:\/\/revistazetta.com\/index.php?rest_route=\/wp\/v2\/posts\/3651\/revisions"}],"wp:featuredmedia":[{"embeddable":true,"href":"https:\/\/revistazetta.com\/index.php?rest_route=\/wp\/v2\/media\/3652"}],"wp:attachment":[{"href":"https:\/\/revistazetta.com\/index.php?rest_route=%2Fwp%2Fv2%2Fmedia&parent=3651"}],"wp:term":[{"taxonomy":"category","embeddable":true,"href":"https:\/\/revistazetta.com\/index.php?rest_route=%2Fwp%2Fv2%2Fcategories&post=3651"},{"taxonomy":"post_tag","embeddable":true,"href":"https:\/\/revistazetta.com\/index.php?rest_route=%2Fwp%2Fv2%2Ftags&post=3651"}],"curies":[{"name":"wp","href":"https:\/\/api.w.org\/{rel}","templated":true}]}}